{"id":584654,"date":"2025-12-07T17:39:13","date_gmt":"2025-12-07T17:39:13","guid":{"rendered":"https:\/\/www.europesays.com\/fr\/584654\/"},"modified":"2025-12-07T17:39:13","modified_gmt":"2025-12-07T17:39:13","slug":"une-vingtaine-de-blesses-apres-une-agression-dans-un-parking-a-laeroport-dheathrow","status":"publish","type":"post","link":"https:\/\/www.europesays.com\/fr\/584654\/","title":{"rendered":"une vingtaine de bless\u00e9s apr\u00e8s une agression dans un parking \u00e0 l\u2019a\u00e9roport d&rsquo;Heathrow"},"content":{"rendered":"<p>\n    Le terminal 3 est rest\u00e9 ouvert tout au long de l\u2019incident, mais l\u2019acc\u00e8s \u00e0 l\u2019a\u00e9roport en voiture ou transports en commun \u00e9tait tr\u00e8s perturb\u00e9 dans la journ\u00e9e.<\/p>\n<p class=\"fig-paragraph\">Une vingtaine de personnes ont \u00e9t\u00e9 bless\u00e9es dimanche matin dans un parking de l&rsquo;<a href=\"http:\/\/www.lefigaro.fr\/international\/un-terminal-de-l-aeroport-de-londres-heathrow-evacue-a-cause-d-un-possible-incident-lie-a-des-matieres-dangereuses-20250908\" target=\"_blank\" data-fig-type=\"NewsFlash\" rel=\"noopener\" data-gtm-custom-categorie=\"navigation\" data-gtm-custom-action=\"crossclick\" data-gtm-custom-label=\"Contextuel\" data-gtm-event=\"customEventSPE\" data-fig-domain=\"LEFIGARO\">a\u00e9roport d&rsquo;Heathrow<\/a>, o\u00f9 quatre hommes ont vol\u00e9 la valise d&rsquo;une femme et asperg\u00e9 les victimes de spray au poivre dans un ascenseur, selon la police. L&rsquo;acc\u00e8s en voiture ou en transports en commun \u00e0 l&rsquo;<a href=\"http:\/\/www.lefigaro.fr\/flash-actu\/londres-un-homme-suspecte-d-avoir-introduit-un-gaz-lacrymogene-a-heathrow-arrete-20250909\" target=\"_blank\" data-fig-type=\"NewsFlash\" rel=\"noopener\" data-gtm-custom-categorie=\"navigation\" data-gtm-custom-action=\"crossclick\" data-gtm-custom-label=\"Contextuel\" data-gtm-event=\"customEventSPE\" data-fig-domain=\"LEFIGARO\">a\u00e9roport, le plus fr\u00e9quent\u00e9 d&rsquo;Europe<\/a>, a \u00e9t\u00e9 perturb\u00e9 dans les heures qui ont suivi cet incident au terminal 3.<\/p>\n<p class=\"fig-paragraph\">\u00abDes agents de la brigade arm\u00e9e sont intervenus et ils ont arr\u00eat\u00e9 un homme de 31 ans soup\u00e7onn\u00e9 d&rsquo;agression, neuf minutes apr\u00e8s le signalement. Il reste en garde \u00e0 vue et les investigations se poursuivent pour localiser d&rsquo;autres suspects\u00bb, selon un communiqu\u00e9 de la police londonienne diffus\u00e9 apr\u00e8s 16 heures (locales et GMT).<\/p>\n<p>                                            <a class=\"fig-a11y-skip\" href=\"#fig-a11y-skip-main-inarticle\" data-module=\"a11y-skip\" data-context=\"was @visible\"><br \/>\n    Passer la publicit\u00e9<br \/>\n<\/a>            <\/p>\n<p>                                            21 personnes prises en charge, cinq emmen\u00e9es \u00e0 l\u2019h\u00f4pital<\/p>\n<p class=\"fig-paragraph\">\u00abNous pensons \u00e0 ce stade qu&rsquo;une femme s&rsquo;est fait voler sa valise par un groupe de quatre hommes, qui ont pulv\u00e9ris\u00e9 une substance qui semble \u00eatre du spray au poivre dans sa direction\u00bb, a indiqu\u00e9 le commandant Peter Stevens, cit\u00e9 dans ce communiqu\u00e9. \u00abCela s&rsquo;est produit dans un ascenseur du parking, le spray touchant les personnes pr\u00e9sentes dans l&rsquo;ascenseur et aux alentours\u00bb, a-t-il ajout\u00e9.<\/p>\n<p class=\"fig-paragraph\">Au total, 21 personnes ont \u00e9t\u00e9 prises en charge sur place par le service des ambulances de Londres, dont une fillette de trois ans. Cinq ont \u00e9t\u00e9 emmen\u00e9es \u00e0 l&rsquo;h\u00f4pital, ont indiqu\u00e9 les secours, et leurs blessures ne mettent pas leur vie en danger selon la police.<\/p>\n<p>                                            \u00abIncident isol\u00e9\u00bb<\/p>\n<p class=\"fig-paragraph\">Le commandant Peter Stevens a \u00e9galement r\u00e9affirm\u00e9 qu&rsquo;il s&rsquo;agissait a priori d&rsquo;un \u00abincident isol\u00e9, impliquant des personnes qui se connaissent\u00bb. La police, qui a \u00e9t\u00e9 alert\u00e9e vers 8 heures, avait d&rsquo;abord \u00e9voqu\u00e9 \u00abune dispute qui a d\u00e9g\u00e9n\u00e9r\u00e9\u00bb. Elle a dit ne pas consid\u00e9rer cet incident comme terroriste.<\/p>\n<p class=\"fig-paragraph\">Le terminal 3 est rest\u00e9 ouvert tout au long de l&rsquo;incident, mais l&rsquo;acc\u00e8s \u00e0 l&rsquo;a\u00e9roport en voiture ou transports en commun \u00e9tait tr\u00e8s perturb\u00e9 dans la journ\u00e9e, a constat\u00e9 une journaliste de l&rsquo;AFP.<\/p>\n<p class=\"fig-paragraph\">Des voyageurs ont aussi d\u00e9clar\u00e9 \u00e0 l&rsquo;agence britannique PA avoir attendu plusieurs heures avant de pouvoir prendre un bus au d\u00e9part du terminal.<\/p>\n<p>                                            <a class=\"fig-a11y-skip\" href=\"#fig-a11y-skip-main-inarticle_mtf\" data-module=\"a11y-skip\" data-context=\"was @visible\"><br \/>\n    Passer la publicit\u00e9<br \/>\n<\/a>            <\/p>\n<p class=\"fig-paragraph\">\u00abLes navettes en direction du parking longue dur\u00e9e ont \u00e9t\u00e9 affect\u00e9es par des bouchons sur les routes apr\u00e8s un incident qui a entra\u00een\u00e9 la fermeture du tunnel de la zone centrale des terminaux pour des raisons de s\u00e9curit\u00e9\u00bb, a indiqu\u00e9 un porte-parole d&rsquo;Heathrow dans l&rsquo;apr\u00e8s-midi. Les passagers voyageant via cet a\u00e9roport dimanche avaient \u00e9t\u00e9 appel\u00e9s \u00e0 pr\u00e9voir du temps suppl\u00e9mentaire pour s&rsquo;y rendre.<\/p>\n","protected":false},"excerpt":{"rendered":"Le terminal 3 est rest\u00e9 ouvert tout au long de l\u2019incident, mais l\u2019acc\u00e8s \u00e0 l\u2019a\u00e9roport en voiture ou&hellip;\n","protected":false},"author":2,"featured_media":584655,"comment_status":"","ping_status":"","sticky":false,"template":"","format":"standard","meta":{"footnotes":""},"categories":[1588],"tags":[11,663,1777,674,69803,4534,12,473,1853,1851,1850,1852],"class_list":{"0":"post-584654","1":"post","2":"type-post","3":"status-publish","4":"format-standard","5":"has-post-thumbnail","7":"category-royaume-uni","8":"tag-actualites","9":"tag-aeroport","10":"tag-eu","11":"tag-europe","12":"tag-heathrow","13":"tag-londres","14":"tag-news","15":"tag-royaume-uni","16":"tag-royaume-uni-de-grande-bretagne-et-dirlande-du-nord","17":"tag-uk","18":"tag-united-kingdom","19":"tag-united-kingdom-of-great-britain-and-northern-ireland"},"share_on_mastodon":{"url":"https:\/\/pubeurope.com\/@fr\/115679511540945814","error":""},"_links":{"self":[{"href":"https:\/\/www.europesays.com\/fr\/wp-json\/wp\/v2\/posts\/584654","targetHints":{"allow":["GET"]}}],"collection":[{"href":"https:\/\/www.europesays.com\/fr\/wp-json\/wp\/v2\/posts"}],"about":[{"href":"https:\/\/www.europesays.com\/fr\/wp-json\/wp\/v2\/types\/post"}],"author":[{"embeddable":true,"href":"https:\/\/www.europesays.com\/fr\/wp-json\/wp\/v2\/users\/2"}],"replies":[{"embeddable":true,"href":"https:\/\/www.europesays.com\/fr\/wp-json\/wp\/v2\/comments?post=584654"}],"version-history":[{"count":0,"href":"https:\/\/www.europesays.com\/fr\/wp-json\/wp\/v2\/posts\/584654\/revisions"}],"wp:featuredmedia":[{"embeddable":true,"href":"https:\/\/www.europesays.com\/fr\/wp-json\/wp\/v2\/media\/584655"}],"wp:attachment":[{"href":"https:\/\/www.europesays.com\/fr\/wp-json\/wp\/v2\/media?parent=584654"}],"wp:term":[{"taxonomy":"category","embeddable":true,"href":"https:\/\/www.europesays.com\/fr\/wp-json\/wp\/v2\/categories?post=584654"},{"taxonomy":"post_tag","embeddable":true,"href":"https:\/\/www.europesays.com\/fr\/wp-json\/wp\/v2\/tags?post=584654"}],"curies":[{"name":"wp","href":"https:\/\/api.w.org\/{rel}","templated":true}]}}