{"id":584657,"date":"2025-12-07T17:40:28","date_gmt":"2025-12-07T17:40:28","guid":{"rendered":"https:\/\/www.europesays.com\/fr\/584657\/"},"modified":"2025-12-07T17:40:28","modified_gmt":"2025-12-07T17:40:28","slug":"netanyahu-prevoit-tres-bientot-la-deuxieme-phase-de-laccord-de-treve-a-gaza","status":"publish","type":"post","link":"https:\/\/www.europesays.com\/fr\/584657\/","title":{"rendered":"Netanyahu pr\u00e9voit \u00ab\u00a0tr\u00e8s bient\u00f4t\u00a0\u00bb la deuxi\u00e8me phase de l&rsquo;accord de tr\u00eave \u00e0 Gaza"},"content":{"rendered":"<p>Le Premier ministre isra\u00e9lien Benjamin Netanyahu a esp\u00e9r\u00e9 dimanche passer \u00ab\u00a0tr\u00e8s bient\u00f4t\u00a0\u00bb \u00e0 la deuxi\u00e8me phase de l\u2019accord de cessez-le-feu \u00e0 Gaza, parrain\u00e9 par les Etats-Unis, et annonc\u00e9 une nouvelle rencontre avec Donald Trump en d\u00e9cembre.<\/p>\n<p>\u00ab\u00a0Nous avons discut\u00e9 de comment mettre un terme au pouvoir du Hamas \u00e0 Gaza\u00a0\u00bb et \u00ab\u00a0nous attendons tr\u00e8s bient\u00f4t de passer \u00e0 la deuxi\u00e8me phase, qui est plus difficile ou tout aussi difficile\u00a0\u00bb, a soulign\u00e9 M. Netanyahu, \u00e0 l\u2019issue d\u2019une rencontre avec le chancelier allemand Friedrich Merz \u00e0 J\u00e9rusalem.<\/p>\n<p>Le Premier ministre a toutefois rappel\u00e9 que conform\u00e9ment \u00e0 la premi\u00e8re phase de l\u2019accord de cessez-le-feu, le Hamas devait encore restituer \u00e0 Isra\u00ebl un dernier corps d\u2019otage retenu \u00e0 Gaza, celui de l\u2019Isra\u00e9lien Ran Gvili. <\/p>\n<p>La deuxi\u00e8me phase de l\u2019accord, appuy\u00e9 sur le plan de paix du pr\u00e9sident am\u00e9ricain Donald Trump, pr\u00e9voit le d\u00e9sarmement du Hamas et la d\u00e9militarisation de Gaza, a-t-il rappel\u00e9.<\/p>\n<p>Elle inclut aussi notamment le d\u00e9ploiement d\u2019une force internationale dans le territoire palestinien et le retrait de l\u2019arm\u00e9e isra\u00e9lienne.<\/p>\n<p>M. Netanyahu a annonc\u00e9 qu\u2019il rencontrerait Donald Trump une nouvelle fois durant le mois de d\u00e9cembre. Son bureau avait annonc\u00e9 le 1er d\u00e9cembre qu\u2019il avait \u00e9t\u00e9 invit\u00e9 \u00e0 la Maison Blanche, apr\u00e8s un entretien t\u00e9l\u00e9phonique entre les deux dirigeants.<\/p>\n<p>\u00ab\u00a0D\u00e9radicaliser Gaza\u00a0\u00bb<\/p>\n<p>\u00ab\u00a0Il y a une troisi\u00e8me phase, qui consiste \u00e0 d\u00e9radicaliser Gaza, quelque chose que beaucoup pensaient impossible. Mais cela a \u00e9t\u00e9 fait en Allemagne (&#8230;) cela peut \u00eatre fait \u00e0 Gaza aussi, mais bien s\u00fbr, le Hamas doit \u00eatre d\u00e9mantel\u00e9\u00a0\u00bb, a ajout\u00e9 M. Netanyahu. <\/p>\n<p>    <img decoding=\"async\" src=\"https:\/\/www.europesays.com\/fr\/wp-content\/uploads\/2025\/12\/2277779-le-chancelier-allemand-friedrich-merz-s-exprime-a-.jpg\" alt=\"Le chancelier allemand Friedrich Merz s'exprime \u00e0 une conf\u00e9rence de presse le 7 d\u00e9cxembre 2025&#10;&#10;\"   class=\"article-media__image\" loading=\"lazy\" style=\"aspect-ratio:2048\/1365\"\/><\/p>\n<p>                    Le chancelier allemand Friedrich Merz s&rsquo;exprime \u00e0 une conf\u00e9rence de presse le 7 d\u00e9cxembre 2025<\/p>\n<p>\n                            Ariel Schalit \/ POOL\/AFP<\/p>\n<p>\u00ab\u00a0Il faut maintenant que cela aboutisse\u00a0\u00bb, lui a r\u00e9pondu le chancelier Merz, affirmant que l\u2019Allemagne contribuerait \u00e0 la reconstruction de Gaza et au r\u00e9tablissement de la paix. \u00ab\u00a0Le Hamas ne peut jouer aucun r\u00f4le \u00e0 Gaza\u00a0\u00bb, a-t-il d\u00e9clar\u00e9.<\/p>\n<p>Samedi soir, Khalil al-Hayya, chef du Hamas pour Gaza et principal n\u00e9gociateur du mouvement islamiste palestinien, a d\u00e9clar\u00e9 \u00eatre pr\u00eat \u00e0 remettre ses armes dans la bande de Gaza \u00e0 une autorit\u00e9 palestinienne gouvernant ce territoire, \u00e0 condition que cesse son occupation par l\u2019arm\u00e9e isra\u00e9lienne.<\/p>\n<p>Il a en outre refus\u00e9 le d\u00e9ploiement d\u2019une force internationale qui aurait pour mission de d\u00e9sarmer le Hamas.<\/p>\n<p>\u00ab\u00a0Isra\u00ebl a le droit de se d\u00e9fendre\u00a0\u00bb<\/p>\n<p>M. Merz est arriv\u00e9 samedi en Isra\u00ebl pour une visite destin\u00e9e \u00e0 consolider la relation privil\u00e9gi\u00e9e entre les deux pays.<\/p>\n<p>Il a \u00e9galement rencontr\u00e9 des anciens otages isra\u00e9lo-allemands, Ziv et Gali Berman, enlev\u00e9s lors de l\u2019attaque du Hamas en Isra\u00ebl qui a d\u00e9clench\u00e9 la guerre, le 7 octobre 2023. <\/p>\n<p>Le chancelier a r\u00e9affirm\u00e9 dimanche le soutien de l\u2019Allemagne \u00e0 Isra\u00ebl. <\/p>\n<p>    <img decoding=\"async\" src=\"https:\/\/www.europesays.com\/fr\/wp-content\/uploads\/2025\/12\/2277780-le-chancelier-allemand-friedrich-merz-se-recueille.jpg\" alt=\"Le chancelier allemand Friedrich Merz se recueille au m\u00e9morial de la Shoah, Yad Vashem, le 7 d\u00e9cembre 2025&#10;\"   class=\"article-media__image\" loading=\"lazy\" style=\"aspect-ratio:683\/1024\"\/><\/p>\n<p>\n                    Le chancelier allemand Friedrich Merz se recueille au m\u00e9morial de la Shoah, Yad Vashem, le 7 d\u00e9cembre 2025<br \/>\n                            JOHN WESSELS \/ POOL\/AFP<\/p>\n<p>\u00ab\u00a0L\u2019Allemagne doit d\u00e9fendre l\u2019existence et la s\u00e9curit\u00e9 d\u2019Isra\u00ebl. Cela restera \u00e0 jamais profond\u00e9ment inscrit dans le lien qui nous unit\u00a0\u00bb, a d\u00e9clar\u00e9 le chancelier au m\u00e9morial de la Shoah, Yad Vashem, \u00e0 J\u00e9rusalem, mettant en avant \u00ab\u00a0la responsabilit\u00e9 historique durable\u00a0\u00bb de son pays dans l\u2019extermination de six millions de juifs pendant la Seconde Guerre mondiale.<\/p>\n<p>Sa d\u00e9cision prise en ao\u00fbt de d\u00e9cr\u00e9ter un embargo partiel sur les exportations d\u2019armes de son pays vers Isra\u00ebl face \u00e0 l\u2019intensification des bombardements sur Gaza avait fortement d\u00e9plu aux autorit\u00e9s isra\u00e9liennes. <\/p>\n<p>\u00ab\u00a0Les actions de l\u2019arm\u00e9e isra\u00e9lienne \u00e0 Gaza nous ont pos\u00e9 quelques dilemmes et nous y avons r\u00e9agi\u00a0\u00bb, mais \u00ab\u00a0nous avons \u00e9galement constat\u00e9 qu\u2019\u00e0 ce jour, il n\u2019y a fondamentalement aucune divergence (entre nous)\u00a0\u00bb, avait d\u00e9clar\u00e9 samedi M. Merz, qui a lev\u00e9 cet embargo fin novembre \u00e0 la faveur du fragile cessez-le-feu en vigueur \u00e0 Gaza depuis le 10 octobre. <\/p>\n<p>\u00ab\u00a0Isra\u00ebl a le droit de se d\u00e9fendre car c\u2019est la seule fa\u00e7on de garantir son droit \u00e0 exister\u00a0\u00bb, a-t-il dit.<\/p>\n<p>L\u2019attaque du 7 octobre 2023 a entra\u00een\u00e9 c\u00f4t\u00e9 isra\u00e9lien la mort de 1.221 personnes, en majorit\u00e9 des civils, selon un bilan \u00e9tabli par l\u2019AFP \u00e0 partir de chiffres officiels.<\/p>\n<p>L\u2019offensive isra\u00e9lienne men\u00e9e en repr\u00e9sailles a fait 70.360 morts \u00e0 Gaza, en majorit\u00e9 des civils, selon les chiffres du minist\u00e8re de la Sant\u00e9 du Hamas, jug\u00e9s fiables par l\u2019ONU.<\/p>\n","protected":false},"excerpt":{"rendered":"Le Premier ministre isra\u00e9lien Benjamin Netanyahu a esp\u00e9r\u00e9 dimanche passer \u00ab\u00a0tr\u00e8s bient\u00f4t\u00a0\u00bb \u00e0 la deuxi\u00e8me phase de l\u2019accord&hellip;\n","protected":false},"author":2,"featured_media":584658,"comment_status":"","ping_status":"","sticky":false,"template":"","format":"standard","meta":{"footnotes":""},"categories":[1587],"tags":[11,672,1804,1805,1803,1777,674,1801,12,1802],"class_list":{"0":"post-584657","1":"post","2":"type-post","3":"status-publish","4":"format-standard","5":"has-post-thumbnail","7":"category-allemagne","8":"tag-actualites","9":"tag-allemagne","10":"tag-bundesrepublik-deutschland","11":"tag-de","12":"tag-deutschland","13":"tag-eu","14":"tag-europe","15":"tag-germany","16":"tag-news","17":"tag-republique-federale-dallemagne"},"share_on_mastodon":{"url":"https:\/\/pubeurope.com\/@fr\/115679516200997732","error":""},"_links":{"self":[{"href":"https:\/\/www.europesays.com\/fr\/wp-json\/wp\/v2\/posts\/584657","targetHints":{"allow":["GET"]}}],"collection":[{"href":"https:\/\/www.europesays.com\/fr\/wp-json\/wp\/v2\/posts"}],"about":[{"href":"https:\/\/www.europesays.com\/fr\/wp-json\/wp\/v2\/types\/post"}],"author":[{"embeddable":true,"href":"https:\/\/www.europesays.com\/fr\/wp-json\/wp\/v2\/users\/2"}],"replies":[{"embeddable":true,"href":"https:\/\/www.europesays.com\/fr\/wp-json\/wp\/v2\/comments?post=584657"}],"version-history":[{"count":0,"href":"https:\/\/www.europesays.com\/fr\/wp-json\/wp\/v2\/posts\/584657\/revisions"}],"wp:featuredmedia":[{"embeddable":true,"href":"https:\/\/www.europesays.com\/fr\/wp-json\/wp\/v2\/media\/584658"}],"wp:attachment":[{"href":"https:\/\/www.europesays.com\/fr\/wp-json\/wp\/v2\/media?parent=584657"}],"wp:term":[{"taxonomy":"category","embeddable":true,"href":"https:\/\/www.europesays.com\/fr\/wp-json\/wp\/v2\/categories?post=584657"},{"taxonomy":"post_tag","embeddable":true,"href":"https:\/\/www.europesays.com\/fr\/wp-json\/wp\/v2\/tags?post=584657"}],"curies":[{"name":"wp","href":"https:\/\/api.w.org\/{rel}","templated":true}]}}