{"id":584661,"date":"2025-12-07T17:42:12","date_gmt":"2025-12-07T17:42:12","guid":{"rendered":"https:\/\/www.europesays.com\/fr\/584661\/"},"modified":"2025-12-07T17:42:12","modified_gmt":"2025-12-07T17:42:12","slug":"lue-ne-doit-pas-faire-le-grand-bond-en-arriere-ecolo-liberation","status":"publish","type":"post","link":"https:\/\/www.europesays.com\/fr\/584661\/","title":{"rendered":"l\u2019UE ne doit pas faire le grand bond en arri\u00e8re \u00e9colo \u2013 Lib\u00e9ration"},"content":{"rendered":"<p class=\"sc-cPiKLX AiZTS text-element\">Lorsqu\u2019en 2023 <a href=\"https:\/\/www.liberation.fr\/international\/europe\/lue-valide-la-fin-des-moteurs-thermiques-en-2035-20230328_COJ7BUMNYVE4JFYCESJBEZLZCE\/\" target=\"_blank\" rel=\"noreferrer noopener\" title=\"https:\/\/www.liberation.fr\/international\/europe\/lue-valide-la-fin-des-moteurs-thermiques-en-2035-20230328_COJ7BUMNYVE4JFYCESJBEZLZCE\/\">l\u2019Union europ\u00e9enne a d\u00e9cid\u00e9 d\u2019interdire la vente des v\u00e9hicules thermiques et hybrides neufs \u00e0 partir de 2035<\/a>, l\u2019institution fixait sa place dans l\u2019histoire, en d\u00e9cidant de l\u2019une des r\u00e9formes environnementales les plus ambitieuses \u00e0 travers le monde. Mais le Vieux Continent s\u2019appr\u00eaterait \u00e0 reculer, en c\u00e9dant aux constructeurs automobiles, soutenus par l\u2019Allemagne de Friedrich Merz, l\u2019Italie de Giorgia Meloni ou la Hongrie de Viktor Orb\u00e1n. Toujours \u00e0 l\u2019agenda de la Commission \u00e0 la date de mercredi 10 d\u00e9cembre, le \u00abpaquet automobile\u00bb comprend notamment la \u00abr\u00e9vision des normes d\u2019\u00e9missions de CO2 pour les voitures et les camionnettes\u00bb. Qui pourrait aller jusqu\u2019\u00e0 l\u2019autorisation des hybrides rechargeables au-del\u00e0 de 2035, l\u2019autorisation des biocarburants ou encore des carburants synth\u00e9tiques. Ce que le secteur r\u00e9sume dans toutes ses communications et lobbying par l\u2019expression \u00abneutralit\u00e9 technologique\u00bb, sous-entendu : \u00abFaites-nous confiance, nous allons trouver les meilleures solutions pour la plan\u00e8te.\u00bb<\/p>\n<p class=\"sc-cPiKLX AiZTS text-element\">Sauf qu\u2019il est difficile de leur faire confiance. Oliver Zipse, PDG de BMW, a finalement \u00e9t\u00e9 honn\u00eate en d\u00e9but de semaine : \u00abLa n<\/p>\n","protected":false},"excerpt":{"rendered":"Lorsqu\u2019en 2023 l\u2019Union europ\u00e9enne a d\u00e9cid\u00e9 d\u2019interdire la vente des v\u00e9hicules thermiques et hybrides neufs \u00e0 partir de&hellip;\n","protected":false},"author":2,"featured_media":584662,"comment_status":"","ping_status":"","sticky":false,"template":"","format":"standard","meta":{"footnotes":""},"categories":[1586],"tags":[11,1777,674,1779,1011,27,6314,12,25,1778,364,3889],"class_list":{"0":"post-584661","1":"post","2":"type-post","3":"status-publish","4":"format-standard","5":"has-post-thumbnail","7":"category-europe","8":"tag-actualites","9":"tag-eu","10":"tag-europe","11":"tag-european-union","12":"tag-fr","13":"tag-france","14":"tag-mobilites-douces","15":"tag-news","16":"tag-republique-francaise","17":"tag-ue","18":"tag-union-europeenne","19":"tag-voitures-electriques"},"share_on_mastodon":{"url":"https:\/\/pubeurope.com\/@fr\/115679523333265294","error":""},"_links":{"self":[{"href":"https:\/\/www.europesays.com\/fr\/wp-json\/wp\/v2\/posts\/584661","targetHints":{"allow":["GET"]}}],"collection":[{"href":"https:\/\/www.europesays.com\/fr\/wp-json\/wp\/v2\/posts"}],"about":[{"href":"https:\/\/www.europesays.com\/fr\/wp-json\/wp\/v2\/types\/post"}],"author":[{"embeddable":true,"href":"https:\/\/www.europesays.com\/fr\/wp-json\/wp\/v2\/users\/2"}],"replies":[{"embeddable":true,"href":"https:\/\/www.europesays.com\/fr\/wp-json\/wp\/v2\/comments?post=584661"}],"version-history":[{"count":0,"href":"https:\/\/www.europesays.com\/fr\/wp-json\/wp\/v2\/posts\/584661\/revisions"}],"wp:featuredmedia":[{"embeddable":true,"href":"https:\/\/www.europesays.com\/fr\/wp-json\/wp\/v2\/media\/584662"}],"wp:attachment":[{"href":"https:\/\/www.europesays.com\/fr\/wp-json\/wp\/v2\/media?parent=584661"}],"wp:term":[{"taxonomy":"category","embeddable":true,"href":"https:\/\/www.europesays.com\/fr\/wp-json\/wp\/v2\/categories?post=584661"},{"taxonomy":"post_tag","embeddable":true,"href":"https:\/\/www.europesays.com\/fr\/wp-json\/wp\/v2\/tags?post=584661"}],"curies":[{"name":"wp","href":"https:\/\/api.w.org\/{rel}","templated":true}]}}