{"id":584673,"date":"2025-12-07T17:53:17","date_gmt":"2025-12-07T17:53:17","guid":{"rendered":"https:\/\/www.europesays.com\/fr\/584673\/"},"modified":"2025-12-07T17:53:17","modified_gmt":"2025-12-07T17:53:17","slug":"cyclisme-transfert-lequipe-ineos-grenadiers-souhaiterait-attirer-oscar-onley-pour-2026","status":"publish","type":"post","link":"https:\/\/www.europesays.com\/fr\/584673\/","title":{"rendered":"Cyclisme. Transfert &#8211; L&rsquo;\u00e9quipe INEOS Grenadiers souhaiterait attirer Oscar Onley pour 2026"},"content":{"rendered":"<p>Et si <strong><a href=\"https:\/\/www.cyclismactu.net\/..\/news-tour-de-france-route-oscar-onley-c-est-vraiment-un-grand-moment-dans-ma-carriere-89286.html\" target=\"_blank\" rel=\"noopener\">Oscar Onley<\/a> <\/strong>changeait d&rsquo;\u00e9quipe pour 2026 ? C&rsquo;est la petite bombe qu&rsquo;a r\u00e9v\u00e9l\u00e9 <strong>Daniel Benson <\/strong>cette semaine : 4e du dernier <strong>Tour de France<\/strong>, l&rsquo;Ecossais suscite l&rsquo;int\u00e9r\u00eat de bon nombre d&rsquo;\u00e9quipes de haut niveau et notamment l&rsquo;\u00e9quipe <strong><a href=\"https:\/\/www.cyclismactu.net\/..\/news-transfert-route-sam-welsford-pensionnaire-de-equipe-ineos-grenadiers-en-2026-91154.html\" target=\"_blank\" rel=\"noopener\">INEOS Grenadiers<\/a><\/strong>,\u00a0qui souhaiterait s&rsquo;offrir les services du grimpeur de la\u00a0<strong><a href=\"https:\/\/www.cyclismactu.net\/..\/news-transfert-route-la-picnic-postnl-a-recrute-2-coureurs-qui-etaient-en-3e-division-90936.html\" target=\"_blank\" rel=\"noopener\">Picnic PostNL<\/a> <\/strong>d\u00e8s la saison prochaine. Pourtant, <strong>Onley <\/strong>est toujours sous contrat avec la formation n\u00e9erlandaise, et ce, jusqu&rsquo;en 2027. De plus, rien n&rsquo;indique que la formation batave souhaite se s\u00e9parer de son jeune leader, m\u00eame si les rachats de contrat sont de plus en plus monnaie courante, surtout pour une \u00e9quipe en manque de t\u00eates d&rsquo;affiche sur Grands Tours.<\/p>\n<p>Vid\u00e9o &#8211; Oscar Onley apr\u00e8s son Tour de France Lire la suite de l&rsquo;article&#13;<\/p>\n<p>\u00a0<\/p>\n<p>&#13;<br \/>\nDerek Gee ou Oscar Onley pour INEOS ?&#13;<\/p>\n<p>Depuis plusieurs ann\u00e9es, l&rsquo;\u00e9quipe <strong>INEOS Grenadiers <\/strong>souhaite trouver un nouveau leader capable de jouer la victoire sur les Grands Tours, <strong>Carlos Rodriguez<\/strong>, <strong>Egan Bernal <\/strong>et\u00a0<strong>Thymen Arensman <\/strong>n&rsquo;ayant pas encore donn\u00e9 pleine satisfaction. S&rsquo;ils ont pendant longtemps tent\u00e9 d&rsquo;attirer <strong>Remco Evenepoel<\/strong>, en vain, la formation britannique aurait r\u00e9cemment jet\u00e9 son d\u00e9volu sur <strong>Derek Gee<\/strong>, qui a rompu son contrat avec la formation <strong>Israel Premier-Tech<\/strong>, d\u00e9sormais <strong>NSN Cycling<\/strong>, mais sans qu&rsquo;aucune annonce de transfert n&rsquo;ai \u00e9t\u00e9 faite jusqu&rsquo;\u00e0 pr\u00e9sent. Signer <strong>Oscar Onley <\/strong>pourrait assurer \u00e0 la formation de <strong>Dave Brailsford<\/strong>\u00a0un leader fiable sur Grands Tours pour les prochaines ann\u00e9es.<\/p>\n","protected":false},"excerpt":{"rendered":"Et si Oscar Onley changeait d&rsquo;\u00e9quipe pour 2026 ? C&rsquo;est la petite bombe qu&rsquo;a r\u00e9v\u00e9l\u00e9 Daniel Benson cette&hellip;\n","protected":false},"author":2,"featured_media":584674,"comment_status":"","ping_status":"","sticky":false,"template":"","format":"standard","meta":{"footnotes":""},"categories":[1411],"tags":[1154,207,211,1011,27,209,60,210,969,212,208,213],"class_list":{"0":"post-584673","1":"post","2":"type-post","3":"status-publish","4":"format-standard","5":"has-post-thumbnail","7":"category-cyclisme","8":"tag-cycling","9":"tag-cyclisme","10":"tag-ffc","11":"tag-fr","12":"tag-france","13":"tag-route","14":"tag-sports","15":"tag-tour-de-france","16":"tag-transfert","17":"tag-uci","18":"tag-velo","19":"tag-world-tour"},"share_on_mastodon":{"url":"https:\/\/pubeurope.com\/@fr\/115679566545296256","error":""},"_links":{"self":[{"href":"https:\/\/www.europesays.com\/fr\/wp-json\/wp\/v2\/posts\/584673","targetHints":{"allow":["GET"]}}],"collection":[{"href":"https:\/\/www.europesays.com\/fr\/wp-json\/wp\/v2\/posts"}],"about":[{"href":"https:\/\/www.europesays.com\/fr\/wp-json\/wp\/v2\/types\/post"}],"author":[{"embeddable":true,"href":"https:\/\/www.europesays.com\/fr\/wp-json\/wp\/v2\/users\/2"}],"replies":[{"embeddable":true,"href":"https:\/\/www.europesays.com\/fr\/wp-json\/wp\/v2\/comments?post=584673"}],"version-history":[{"count":0,"href":"https:\/\/www.europesays.com\/fr\/wp-json\/wp\/v2\/posts\/584673\/revisions"}],"wp:featuredmedia":[{"embeddable":true,"href":"https:\/\/www.europesays.com\/fr\/wp-json\/wp\/v2\/media\/584674"}],"wp:attachment":[{"href":"https:\/\/www.europesays.com\/fr\/wp-json\/wp\/v2\/media?parent=584673"}],"wp:term":[{"taxonomy":"category","embeddable":true,"href":"https:\/\/www.europesays.com\/fr\/wp-json\/wp\/v2\/categories?post=584673"},{"taxonomy":"post_tag","embeddable":true,"href":"https:\/\/www.europesays.com\/fr\/wp-json\/wp\/v2\/tags?post=584673"}],"curies":[{"name":"wp","href":"https:\/\/api.w.org\/{rel}","templated":true}]}}