{"id":584685,"date":"2025-12-07T18:00:18","date_gmt":"2025-12-07T18:00:18","guid":{"rendered":"https:\/\/www.europesays.com\/fr\/584685\/"},"modified":"2025-12-07T18:00:18","modified_gmt":"2025-12-07T18:00:18","slug":"le-regne-animal-pourquoi-vous-ne-verrez-jamais-a-la-tele-cette-fin-du-film-projetee-a-cannes-en-2024","status":"publish","type":"post","link":"https:\/\/www.europesays.com\/fr\/584685\/","title":{"rendered":"Le R\u00e8gne animal : Pourquoi vous ne verrez jamais \u00e0 la t\u00e9l\u00e9 cette fin du film projet\u00e9e \u00e0 Cannes en 2024 ?"},"content":{"rendered":"<p>Ce dimanche 7 d\u00e9cembre \u00e0 21h10, France 2 diffuse Le R\u00e8gne animal. Romain Duris et Paul Kircher sont au centre de ce film fantastique o\u00f9 le monde est boulevers\u00e9 par de myst\u00e9rieuses mutations animales.<\/p>\n<p>Sorti en octobre\u00a02023, Le R\u00e8gne animal a \u00e9t\u00e9 l&rsquo;un des grands succ\u00e8s de l&rsquo;ann\u00e9e. Ce long-m\u00e9trage de Thomas Cailley, remarqu\u00e9 pour ses effets sp\u00e9ciaux spectaculaires, <a href=\"https:\/\/www.programme-tv.net\/news\/cinema\/350670-le-regne-animal-un-excellent-film-francais-recompense-a-5-reprises-aux-cesar-2024\/\" data-api-deeplink=\"teleloisirs:\/\/news\/350670\" target=\"_blank\" rel=\"noopener\">a brill\u00e9 aux C\u00e9sar 2024 en remportant cinq prix techniques<\/a> : meilleur son, meilleure photographie, meilleure musique, meilleurs costumes et meilleurs effets visuels. Le film a \u00e9galement r\u00e9v\u00e9l\u00e9 le jeune <a href=\"https:\/\/www.programme-tv.net\/news\/cinema\/347367-qui-sont-les-celebres-parents-des-freres-paul-et-samuel-kircher-tous-deux-nommes-aux-cesar-2024-de-la-meilleure-revelation-masculine\/\" data-api-deeplink=\"teleloisirs:\/\/news\/347367\" target=\"_blank\" rel=\"noopener\">Paul Kircher, nomm\u00e9 dans la m\u00eame cat\u00e9gorie que son fr\u00e8re Samuel<\/a>. Le reste du casting est tout aussi remarquable, avec Romain Duris, <a href=\"https:\/\/www.programme-tv.net\/biographie\/109621-exarchopoulos-adele\/\" data-link-people=\"eb0a2236-ecef-4500-ae63-e411fe664423\" target=\"_blank\" rel=\"noopener\">Ad\u00e8le Exarchopoulos<\/a> et <a href=\"https:\/\/www.programme-tv.net\/news\/cinema\/350525-le-regne-animal-les-secrets-de-la-transformation-de-l-acteur-tom-mercier-en-fix-homme-oiseau\/\" data-api-deeplink=\"teleloisirs:\/\/news\/350525\" target=\"_blank\" rel=\"noopener\">Tom Mercier, impressionnant dans le r\u00f4le de l\u2019homme-oiseau<\/a>.<\/p>\n<p>Ce film fantastique particuli\u00e8rement original et captivant explore un monde o\u00f9 les humains se m\u00e9tamorphosent progressivement en animaux. On suit Fran\u00e7ois (incarn\u00e9 par Romain Duris) dans sa qu\u00eate pour sauver sa femme touch\u00e9e par cette \u00e9trange mutation, embarquant son fils \u00c9mile (Paul Kircher) dans cette aventure hors du commun. <a href=\"https:\/\/www.programme-tv.net\/news\/cinema\/350624-le-regne-animal-comment-les-gigantesques-incendies-de-lete-2022-en-gironde-ont-perturbe-le-tournage\/\" data-api-deeplink=\"teleloisirs:\/\/news\/350624\" target=\"_blank\" rel=\"noopener\">Suite aux incendies de l&rsquo;\u00e9t\u00e9 2022 en Gironde, r\u00e9gion servant de d\u00e9cor au film<\/a>, le tournage a \u00e9t\u00e9 prolong\u00e9 d&rsquo;un mois, et le montage repouss\u00e9. Lors de sa pr\u00e9sentation au Festival de Cannes en mai\u00a02023, le film \u00e9tait plus long de deux minutes. Cette diff\u00e9rence \u00e9tait due \u00e0 une sc\u00e8ne d&rsquo;\u00e9pilogue que le r\u00e9alisateur a d\u00e9cid\u00e9 de retirer apr\u00e8s la projection. Il a expliqu\u00e9 cette d\u00e9cision \u00e0 <a href=\"https:\/\/cinemateaser.com\/\" target=\"_blank\" rel=\"noopener\">Cinemateaser<\/a> : \u00ab\u00a0Notre flux de post-production a \u00e9t\u00e9 tr\u00e8s comprim\u00e9 et au lieu de terminer le film un mois et demi avant le Festival de Cannes, on l&rsquo;a termin\u00e9 le 14 mai pour une projection le 17. J&rsquo;\u00e9tais tr\u00e8s content du film avec l&rsquo;\u00e9pilogue, mais pour \u00eatre honn\u00eate, c&rsquo;\u00e9tait presque un test. J&rsquo;avais envie de le d\u00e9couvrir en public. Quand je l&rsquo;ai vu, j&rsquo;ai trouv\u00e9 \u00e7a bien, mais j&rsquo;ai eu quand m\u00eame un doute. On a donc profit\u00e9 des reprises cannoises \u00e0 Paris pour essayer sans l&rsquo;\u00e9pilogue. Au final j&rsquo;ai eu l&rsquo;impression qu&rsquo;il \u00e9tait plus int\u00e9ressant de ne pas r\u00e9pondre \u00e0 toutes les questions auxquelles l&rsquo;\u00e9pilogue r\u00e9pondait. De les garder en suspens.\u00a0\u00bb<\/p>\n<p>                        <b>Quelle est la fin alternative du film ? Attention spoilers !<\/b><\/p>\n<p>\u00c0 la fin de la version originale, Fran\u00e7ois, poursuivi par la gendarmerie, prend la d\u00e9cision d\u00e9chirante de laisser son fils, transform\u00e9 peu \u00e0 peu en animal, rejoindre sa m\u00e8re dans la for\u00eat. La fin alternative, disponible dans les bonus du DVD, offre une perspective diff\u00e9rente. Un an plus tard, Fran\u00e7ois passe pr\u00e8s d&rsquo;une r\u00e9serve biologique o\u00f9 les cr\u00e9atures sont d\u00e9sormais prot\u00e9g\u00e9es. Il sourit en entendant les hurlements de son fils. Julia, qui commence \u00e0 d\u00e9velopper des \u00e9cailles, entend \u00e9galement ces cris depuis sa tour de guet au sein de la r\u00e9serve.<\/p>\n","protected":false},"excerpt":{"rendered":"Ce dimanche 7 d\u00e9cembre \u00e0 21h10, France 2 diffuse Le R\u00e8gne animal. Romain Duris et Paul Kircher sont&hellip;\n","protected":false},"author":2,"featured_media":584686,"comment_status":"","ping_status":"","sticky":false,"template":"","format":"standard","meta":{"footnotes":""},"categories":[1354],"tags":[1409,244,58,59,1346,1011,27,594,69807,69806,1360,69804,54429,69805],"class_list":{"0":"post-584685","1":"post","2":"type-post","3":"status-publish","4":"format-standard","5":"has-post-thumbnail","7":"category-films","8":"tag-bande-annonce","9":"tag-commentaire","10":"tag-divertissement","11":"tag-entertainment","12":"tag-films","13":"tag-fr","14":"tag-france","15":"tag-france-2","16":"tag-le-ru00e8gne-animal","17":"tag-le-ru00e8gne-animal-1557655216","18":"tag-movies","19":"tag-paul-kircher","20":"tag-romain-duris","21":"tag-thomas-cailley"},"share_on_mastodon":{"url":"https:\/\/pubeurope.com\/@fr\/115679594081431630","error":""},"_links":{"self":[{"href":"https:\/\/www.europesays.com\/fr\/wp-json\/wp\/v2\/posts\/584685","targetHints":{"allow":["GET"]}}],"collection":[{"href":"https:\/\/www.europesays.com\/fr\/wp-json\/wp\/v2\/posts"}],"about":[{"href":"https:\/\/www.europesays.com\/fr\/wp-json\/wp\/v2\/types\/post"}],"author":[{"embeddable":true,"href":"https:\/\/www.europesays.com\/fr\/wp-json\/wp\/v2\/users\/2"}],"replies":[{"embeddable":true,"href":"https:\/\/www.europesays.com\/fr\/wp-json\/wp\/v2\/comments?post=584685"}],"version-history":[{"count":0,"href":"https:\/\/www.europesays.com\/fr\/wp-json\/wp\/v2\/posts\/584685\/revisions"}],"wp:featuredmedia":[{"embeddable":true,"href":"https:\/\/www.europesays.com\/fr\/wp-json\/wp\/v2\/media\/584686"}],"wp:attachment":[{"href":"https:\/\/www.europesays.com\/fr\/wp-json\/wp\/v2\/media?parent=584685"}],"wp:term":[{"taxonomy":"category","embeddable":true,"href":"https:\/\/www.europesays.com\/fr\/wp-json\/wp\/v2\/categories?post=584685"},{"taxonomy":"post_tag","embeddable":true,"href":"https:\/\/www.europesays.com\/fr\/wp-json\/wp\/v2\/tags?post=584685"}],"curies":[{"name":"wp","href":"https:\/\/api.w.org\/{rel}","templated":true}]}}