{"id":584687,"date":"2025-12-07T18:01:12","date_gmt":"2025-12-07T18:01:12","guid":{"rendered":"https:\/\/www.europesays.com\/fr\/584687\/"},"modified":"2025-12-07T18:01:12","modified_gmt":"2025-12-07T18:01:12","slug":"cette-creme-star-des-pharmacies-elue-meilleur-produit-2025-se-vend-toutes-les-10-secondes","status":"publish","type":"post","link":"https:\/\/www.europesays.com\/fr\/584687\/","title":{"rendered":"cette cr\u00e8me star des pharmacies \u00e9lue \u00ab\u00a0Meilleur Produit 2025\u00a0\u00bb se vend toutes les 10 secondes"},"content":{"rendered":"<p>Cr\u00e8me Av\u00e8ne vendue toutes les 10 secondes : pourquoi tout le<br \/>\nmonde en parle<\/p>\n<p>En pharmacie, certaines r\u00e9f\u00e9rences deviennent des r\u00e9flexes. Une<br \/>\ncr\u00e8me multi-usages, pens\u00e9e pour apaiser, r\u00e9parer et prot\u00e9ger les<br \/>\npeaux fragilis\u00e9es, s\u2019est impos\u00e9e au point d\u2019\u00eatre <strong>vendue<br \/>\ntoutes les 10 secondes<\/strong> en France. Son nom revient partout,<br \/>\ndes comptoirs aux r\u00e9seaux sociaux, port\u00e9e par une r\u00e9putation de<br \/>\nvaleur s\u00fbre pour les petits bobos comme pour les peaux matures qui<br \/>\ntirent.<\/p>\n<p>Dans ce paysage o\u00f9 la dermocosm\u00e9tique fait la loi, les adresses<br \/>\nde proximit\u00e9 rivalisent avec les enseignes beaut\u00e9 gr\u00e2ce \u00e0 des<br \/>\nformules haute tol\u00e9rance sign\u00e9es Eau Thermale d\u2019Av\u00e8ne, La<br \/>\nRoche-Posay, Vichy ou CeraVe. Cette ann\u00e9e, un produit surclasse la<br \/>\nm\u00eal\u00e9e avec un label convoit\u00e9 et une foule d\u2019avis enthousiastes. La<br \/>\npromesse intrigue.<\/p>\n<p>Cicalfate+ d\u2019Av\u00e8ne : laur\u00e9ate <strong>Meilleur Produit Pharma<br \/>\n2025<\/strong> et formule pansement<\/p>\n<p>Le label Meilleur Produit Pharma distingue chaque ann\u00e9e des<br \/>\nsoins non m\u00e9dicamenteux test\u00e9s par au moins cent consommateurs,<br \/>\navec une note minimale de 16 sur 20. \u00ab\u00a0C\u2019est en pla\u00e7ant la barre<br \/>\nhaut que nous garantissons que seuls des produits excellents et<br \/>\ntr\u00e8s efficaces peuvent \u00eatre laur\u00e9ats\u00a0\u00bb, pr\u00e9cise le site de Meilleur<br \/>\nProduit Pharma, cit\u00e9 par Marie France. En 2025, la <strong>Cr\u00e8me<br \/>\nR\u00e9paratrice et Protectrice Cicalfate+ d\u2019Av\u00e8ne<\/strong> d\u00e9croche<br \/>\ncette r\u00e9compense, renfor\u00e7ant un statut d\u00e9j\u00e0 bien install\u00e9.<\/p>\n<p>R\u00e9f\u00e9rence de la r\u00e9paration cutan\u00e9e, num\u00e9ro 1 des prescriptions<br \/>\ndermocosm\u00e9tiques, Cicalfate+ coche les cases qui rassurent :<br \/>\ntexture semi occlusive fa\u00e7on pansement invisible, non collante et<br \/>\nnon com\u00e9dog\u00e8ne, formule sans parfum, tol\u00e9r\u00e9e m\u00eame par les<br \/>\nnourrissons. Son trio cl\u00e9 r\u00e9unit le [C+-Restore]\u2122 issu de l\u2019Eau<br \/>\nThermale d\u2019Av\u00e8ne, l\u2019Eau Thermale elle-m\u00eame et le complexe<br \/>\ncuivre-zinc. En usage local ou en couche plus g\u00e9n\u00e9reuse, la cr\u00e8me<br \/>\napaise les irritations, rougeurs et l\u00e9sions superficielles, avec un<br \/>\nsoulagement rapport\u00e9 en 48 heures. Appliqu\u00e9e deux fois par jour,<br \/>\nelle fait le job, toutjours.<\/p>\n<p>Les rides s\u2019estompent vraiment : comment cette cr\u00e8me peut<br \/>\nlisser les traits<\/p>\n<p>Pourquoi une cr\u00e8me r\u00e9paratrice peut-elle donner l\u2019impression que<br \/>\nles rides se voient moins ? Quand la barri\u00e8re cutan\u00e9e est<br \/>\nfragilis\u00e9e, la perte insensible en eau s\u2019acc\u00e9l\u00e8re. R\u00e9sultat, les<br \/>\nridules de d\u00e9shydratation ressortent et les traits semblent plus<br \/>\nmarqu\u00e9s. En restaurant le confort et en limitant l\u2019\u00e9vaporation<br \/>\ngr\u00e2ce \u00e0 son effet pansement, Cicalfate+ laisse une peau plus<br \/>\nsouple, visiblement plus lisse au toucher. Ce n\u2019est pas un<br \/>\ntraitement m\u00e9dical des rides profondes, mais sur les ridules, la<br \/>\ndiff\u00e9rence se sent.<\/p>\n<p>Les t\u00e9moignages font \u00e9cho \u00e0 ce ressenti. \u00ab\u00a0Quelle bonne cr\u00e8me !<br \/>\nElle hydrate bien et j\u00a0\u00bbai moins de rides et de taches. Bon r\u00e9sultat<br \/>\n!\u00a0\u00bb, \u00e9crit une utilisatrice sur le site de la marque. D\u2019autres<br \/>\nsoulignent le c\u00f4t\u00e9 bouclier au quotidien, y compris sur peaux<br \/>\n\u00e9chauff\u00e9es ou qui grattent : \u00ab\u00a0Ma peau \u00e9tait irrit\u00e9e, br\u00fblante et me<br \/>\nd\u00e9mangeait pendant des semaines jusqu&rsquo;\u00e0 ce que je trouve ce<br \/>\nproduit. Un v\u00e9ritable sauveur !\u00a0\u00bb. La boucle est claire : plus de<br \/>\nconfort, moins de tiraillements, et des ridules de d\u00e9shydratation<br \/>\nqui se marquent moins.<\/p>\n<p>Comment l\u2019utiliser contre les ridules<br \/>\nsans irriter sa peau ?<\/p>\n<p>La logique routine compte autant que la formule. Sur une peau<br \/>\nmature sensible, on mise sur la douceur et la r\u00e9gularit\u00e9. Le soir,<br \/>\napr\u00e8s un nettoyage simple, d\u00e9poser une noisette de<br \/>\n<strong>Cicalfate+ d\u2019Av\u00e8ne<\/strong> en couche fine sur le visage et<br \/>\nle cou, en ciblant les zones qui plissent (pattes d\u2019oie, sillon,<br \/>\ncontour des l\u00e8vres). Le matin, si la peau tiraille encore, une<br \/>\npointe localement suffit, avec une protection solaire par-dessus.<br \/>\nLa cr\u00e8me peut aussi servir d\u2019\u00ab amortisseur \u00bb apr\u00e8s des actifs comme<br \/>\nles r\u00e9tino\u00efdes ou les acides, pour pr\u00e9server la barri\u00e8re<br \/>\ncutan\u00e9e.<\/p>\n<p>Pour caler ce soin dans un rituel anti-\u00e2ge doux, quelques<br \/>\nsc\u00e9narios concrets aident.<\/p>\n<ul>\n<li>En cure de nuit sur peau d\u00e9shydrat\u00e9e : s\u00e9rum \u00e0 l\u2019acide<br \/>\nhyaluronique, puis Cicalfate+ sur les zones marqu\u00e9es.<\/li>\n<li>Apr\u00e8s r\u00e9tino\u00efde ou peeling doux : attendre que la peau s\u00e8che,<br \/>\npuis appliquer Cicalfate+ en couche fine pour calmer sans<br \/>\nobstruer.<\/li>\n<li>Par grand froid ou apr\u00e8s soleil : en couche SOS sur les joues<br \/>\net le contour des yeux, sans masser \u00e0 l\u2019exc\u00e8s.<\/li>\n<li>Au quotidien sur peaux tr\u00e8s r\u00e9actives : une application deux<br \/>\nfois par jour sur zones sensibles, puis \u00e9cran solaire.<\/li>\n<\/ul>\n","protected":false},"excerpt":{"rendered":"Cr\u00e8me Av\u00e8ne vendue toutes les 10 secondes : pourquoi tout le monde en parle En pharmacie, certaines r\u00e9f\u00e9rences&hellip;\n","protected":false},"author":2,"featured_media":584688,"comment_status":"","ping_status":"","sticky":false,"template":"","format":"standard","meta":{"footnotes":""},"categories":[10],"tags":[5481,17,3477,29789,154,20906,1011,27,72,151,14954,45700,9199,64049,71,16283,50031,69808,974,10125,9034,19657],"class_list":{"0":"post-584687","1":"post","2":"type-post","3":"status-publish","4":"format-standard","5":"has-post-thumbnail","7":"category-sante","8":"tag-5481","9":"tag-17","10":"tag-cette","11":"tag-creme","12":"tag-des","13":"tag-elue","14":"tag-fr","15":"tag-france","16":"tag-health","17":"tag-les","18":"tag-meilleur","19":"tag-pharmacies","20":"tag-produit","21":"tag-rides","22":"tag-sante","23":"tag-se","24":"tag-secondes","25":"tag-sestompent","26":"tag-star","27":"tag-toutes","28":"tag-vend","29":"tag-vraiment"},"share_on_mastodon":{"url":"https:\/\/pubeurope.com\/@fr\/115679597955948784","error":""},"_links":{"self":[{"href":"https:\/\/www.europesays.com\/fr\/wp-json\/wp\/v2\/posts\/584687","targetHints":{"allow":["GET"]}}],"collection":[{"href":"https:\/\/www.europesays.com\/fr\/wp-json\/wp\/v2\/posts"}],"about":[{"href":"https:\/\/www.europesays.com\/fr\/wp-json\/wp\/v2\/types\/post"}],"author":[{"embeddable":true,"href":"https:\/\/www.europesays.com\/fr\/wp-json\/wp\/v2\/users\/2"}],"replies":[{"embeddable":true,"href":"https:\/\/www.europesays.com\/fr\/wp-json\/wp\/v2\/comments?post=584687"}],"version-history":[{"count":0,"href":"https:\/\/www.europesays.com\/fr\/wp-json\/wp\/v2\/posts\/584687\/revisions"}],"wp:featuredmedia":[{"embeddable":true,"href":"https:\/\/www.europesays.com\/fr\/wp-json\/wp\/v2\/media\/584688"}],"wp:attachment":[{"href":"https:\/\/www.europesays.com\/fr\/wp-json\/wp\/v2\/media?parent=584687"}],"wp:term":[{"taxonomy":"category","embeddable":true,"href":"https:\/\/www.europesays.com\/fr\/wp-json\/wp\/v2\/categories?post=584687"},{"taxonomy":"post_tag","embeddable":true,"href":"https:\/\/www.europesays.com\/fr\/wp-json\/wp\/v2\/tags?post=584687"}],"curies":[{"name":"wp","href":"https:\/\/api.w.org\/{rel}","templated":true}]}}