{"id":584693,"date":"2025-12-07T18:04:11","date_gmt":"2025-12-07T18:04:11","guid":{"rendered":"https:\/\/www.europesays.com\/fr\/584693\/"},"modified":"2025-12-07T18:04:11","modified_gmt":"2025-12-07T18:04:11","slug":"leur-prix-explose-a-noel","status":"publish","type":"post","link":"https:\/\/www.europesays.com\/fr\/584693\/","title":{"rendered":"leur prix explose \u00e0 No\u00ebl"},"content":{"rendered":"<p>Vous n\u2019avez sans doute pas pu passer \u00e0 c\u00f4t\u00e9, mais la mode de<br \/>\nNo\u00ebl 2025 est au vintage et aux pi\u00e8ces anciennes. Dans cette<br \/>\nlogique, et comme le souligne un r\u00e9cent article de nos confr\u00e8res de<br \/>\nHouse Beautiful, on vous recommande de choisir des<br \/>\nassiettes \u00e0 hu\u00eetres. Mais attention, pas n\u2019importe lesquelles.<\/p>\n<p>No\u00ebl 2025 : optez pour une d\u00e9coration de seconde main<\/p>\n<p>Voici plusieurs semaines que nous vous en parlons, et cela n\u2019est<br \/>\npas sans raison. L\u2019ann\u00e9e 2025 a \u00e9t\u00e9 marqu\u00e9e par <strong>un grand<br \/>\nretour du vintage,<\/strong> avec des bahuts anciens, <a href=\"https:\/\/www.lejournaldelamaison.fr\/le-journal-de-la-maison\/noel\/miroir-corde-annees-50-grimper-encheres-detail-precis-526705.html\" target=\"_blank\" rel=\"noopener\">des miroirs en corde<\/a> du si\u00e8cle<br \/>\ndernier ou m\u00eame encore des lampes d\u2019un autre temps. Une mani\u00e8re<br \/>\nsimple et efficace <strong>d\u2019apporter du charme dans un<br \/>\nlogement.<\/strong><\/p>\n<p>Cette tendance se prolonge pour les f\u00eates de fin<br \/>\nd\u2019ann\u00e9e<strong>, ainsi que pour l\u2019ann\u00e9e 2026.<\/strong> C\u2019est<br \/>\npourquoi, on ne peut que vous conseiller d\u2019\u00e9cumer <a href=\"https:\/\/www.lejournaldelamaison.fr\/le-journal-de-la-maison\/decoration-par-style\/industriel-et-vintage\/brocante-ces-8-tresors-de-noel-a-chiner-avant-tout-le-monde-leur-valeur-pourrait-exploser-dans-les-prochaines-annees-529481.html\" target=\"_blank\" rel=\"noopener\">les brocantes<\/a> et les sites de<br \/>\nseconde main comme <strong>Leboncoin ou Selency.<\/strong> Vous y<br \/>\ntrouverez des d\u00e9corations <strong>d\u2019un autre temps,<\/strong> des<br \/>\nfigures anciennes, des boules de No\u00ebl ou m\u00eame encore de belles<br \/>\nnappes du pass\u00e9.<\/p>\n<p>Ces assiettes \u00e0 hu\u00eetres de seconde main vont sublimer votre<br \/>\ntable de No\u00ebl<\/p>\n<p>Pour d\u00e9corer <a href=\"https:\/\/www.lejournaldelamaison.fr\/le-journal-de-la-maison\/noel\/decoration-de-table-noel\/partent-toute-vitesse-couverts-dores-action-rendre-table-fete-luxueuse-seulement-500870.html\" target=\"_blank\" rel=\"noopener\">la table de f\u00eates<\/a> et<br \/>\n<strong>rendre possible la magie de No\u00ebl,<\/strong> les assiettes,<br \/>\nles couverts, les carafes et les plats de service vintage seront \u00e0<br \/>\nprivil\u00e9gier. Mais c\u2019est aussi dans des pi\u00e8ces plus pr\u00e9cises,<br \/>\n<strong>moins connues et plus originales<\/strong>, que vous allez<br \/>\npouvoir faire la diff\u00e9rence.<\/p>\n<p>Dans cette logique, si vous comptez servir des hu\u00eetres, partez \u00e0<br \/>\nla chasse <strong>aux assiettes \u00e0 hu\u00eetres.<\/strong> Les pi\u00e8ces<br \/>\nfabriqu\u00e9es <a href=\"https:\/\/www.lejournaldelamaison.fr\/le-journal-de-la-maison\/decoration-par-style\/industriel-et-vintage\/vaisselle-ancienne-annees-70-se-vend-tres-cher-motif-490168.html\" target=\"_blank\" rel=\"noopener\">en porcelaine<\/a> <strong>de<br \/>\nLimoges<\/strong> sont si d\u00e9licates et magnifiques qu\u2019elles font<br \/>\nvraiment des merveilles. On retrouve aussi de la vaisselle de<br \/>\ncr\u00e9ateurs, comme <strong>Minton ou Haviland.<\/strong> Les assiettes<br \/>\n\u00e0 hu\u00eetres sont creus\u00e9es pour <strong>accueillir ces coquillages<br \/>\ntout en praticit\u00e9.<\/strong> Vous trouverez des mod\u00e8les finement<br \/>\npeints \u00e0 la main, ou proposant des reflets nacr\u00e9s.<\/p>\n<blockquote class=\"instagram-media\" style=\"background: #ffffff;border: 0;margin: 1px;width: 100%;padding: 0;max-width: 500px;\" data-instgrm-permalink=\"https:\/\/www.instagram.com\/reel\/C06LJjfAZbs\/?utm_source=ig_web_copy_link\" data-instgrm-version=\"14\"\/><p>\nD\u2019autres pi\u00e8ces de seconde main vers<br \/>\nlesquelles vous tourner<\/p>\n<p>Les <strong>assiettes \u00e0 hu\u00eetres en porcelaine de<br \/>\nLimoges<\/strong> sont des pi\u00e8ces tr\u00e8s recherch\u00e9es. Selon l\u2019\u00e9tat et<br \/>\nle nombre de pi\u00e8ces, les prix peuvent vite grimper, <strong>jusqu\u2019\u00e0<br \/>\n400 euros<\/strong>, alors si vous mettez la main sur une affaire,<br \/>\nne passez pas \u00e0 c\u00f4t\u00e9 ! Fouillez aussi <strong>les greniers de votre<br \/>\nmaison de famille<\/strong>, vous y trouverez forc\u00e9ment <a href=\"https:\/\/www.lejournaldelamaison.fr\/le-journal-de-la-maison\/decoration-par-style\/industriel-et-vintage\/lampe-franges-grand-retour-marques-surveiller-497369.html\" target=\"_blank\" rel=\"noopener\">des tr\u00e9sors du pass\u00e9<\/a> qui<br \/>\ncr\u00e9eront une magie authentique et conviviale. <strong>Tout ce que<br \/>\nl\u2019on recherche \u00e0 No\u00ebl.<\/strong><\/p>\n<p>House Beautiful a aussi identifi\u00e9 d\u2019autres <a href=\"https:\/\/www.lejournaldelamaison.fr\/actualite\/mini-portraits-xvie-au-xixe-siecle-prix-exploser-seconde-main-498089.html\" target=\"_blank\" rel=\"noopener\">pi\u00e8ces de seconde main<\/a> vers<br \/>\nlesquelles vous tourner. Comme <strong>les services en forme de<br \/>\nchoux<\/strong>, typiques des ann\u00e9es 70. Ou m\u00eame encore <strong>les<br \/>\npi\u00e8ces de porcelaine en relief bleu<\/strong>, embl\u00e9matiques de<br \/>\nWegwood, une soci\u00e9t\u00e9 anglaise du 18\u1d49 si\u00e8cle. Vous n\u2019avez que<br \/>\nl\u2019embarras du choix.<\/p>\n<p><script async src=\"\/\/www.instagram.com\/embed.js\"><\/script><\/p>\n","protected":false},"excerpt":{"rendered":"Vous n\u2019avez sans doute pas pu passer \u00e0 c\u00f4t\u00e9, mais la mode de No\u00ebl 2025 est au vintage&hellip;\n","protected":false},"author":2,"featured_media":584694,"comment_status":"","ping_status":"","sticky":false,"template":"","format":"standard","meta":{"footnotes":""},"categories":[7],"tags":[930,10851,13041,16389,9122,1805,3029,23544,37940,1011,27,61332,12333,4743,3591,10041,2089,40358,5242,471,69809,2141,43,40,41,39,10040,3356,42,44,46369,16831,28034],"class_list":{"0":"post-584693","1":"post","2":"type-post","3":"status-publish","4":"format-standard","5":"has-post-thumbnail","7":"category-sciences-et-technologies","8":"tag-le","9":"tag-10851","10":"tag-a","11":"tag-assiettes","12":"tag-ces","13":"tag-de","14":"tag-du","15":"tag-e","16":"tag-exploser","17":"tag-fr","18":"tag-france","19":"tag-huitres","20":"tag-jusqua","21":"tag-la","22":"tag-leurs","23":"tag-main","24":"tag-marche","25":"tag-modeles","26":"tag-passe","27":"tag-pour","28":"tag-precis","29":"tag-prix","30":"tag-science","31":"tag-science-and-technology","32":"tag-sciences","33":"tag-sciences-et-technologies","34":"tag-seconde","35":"tag-sur","36":"tag-technologies","37":"tag-technology","38":"tag-tresors","39":"tag-vintage","40":"tag-voient"},"share_on_mastodon":{"url":"https:\/\/pubeurope.com\/@fr\/115679609786638939","error":""},"_links":{"self":[{"href":"https:\/\/www.europesays.com\/fr\/wp-json\/wp\/v2\/posts\/584693","targetHints":{"allow":["GET"]}}],"collection":[{"href":"https:\/\/www.europesays.com\/fr\/wp-json\/wp\/v2\/posts"}],"about":[{"href":"https:\/\/www.europesays.com\/fr\/wp-json\/wp\/v2\/types\/post"}],"author":[{"embeddable":true,"href":"https:\/\/www.europesays.com\/fr\/wp-json\/wp\/v2\/users\/2"}],"replies":[{"embeddable":true,"href":"https:\/\/www.europesays.com\/fr\/wp-json\/wp\/v2\/comments?post=584693"}],"version-history":[{"count":0,"href":"https:\/\/www.europesays.com\/fr\/wp-json\/wp\/v2\/posts\/584693\/revisions"}],"wp:featuredmedia":[{"embeddable":true,"href":"https:\/\/www.europesays.com\/fr\/wp-json\/wp\/v2\/media\/584694"}],"wp:attachment":[{"href":"https:\/\/www.europesays.com\/fr\/wp-json\/wp\/v2\/media?parent=584693"}],"wp:term":[{"taxonomy":"category","embeddable":true,"href":"https:\/\/www.europesays.com\/fr\/wp-json\/wp\/v2\/categories?post=584693"},{"taxonomy":"post_tag","embeddable":true,"href":"https:\/\/www.europesays.com\/fr\/wp-json\/wp\/v2\/tags?post=584693"}],"curies":[{"name":"wp","href":"https:\/\/api.w.org\/{rel}","templated":true}]}}