{"id":584699,"date":"2025-12-07T18:07:17","date_gmt":"2025-12-07T18:07:17","guid":{"rendered":"https:\/\/www.europesays.com\/fr\/584699\/"},"modified":"2025-12-07T18:07:17","modified_gmt":"2025-12-07T18:07:17","slug":"les-militaires-partaient-en-intervention-un-vehicule-de-gendarmerie-percute-de-plein-fouet-une-voiture-lune-des-occupantes-tuee-sur-le-coup","status":"publish","type":"post","link":"https:\/\/www.europesays.com\/fr\/584699\/","title":{"rendered":"Les militaires partaient en intervention\u00a0: un v\u00e9hicule de gendarmerie percute de plein fouet une voiture, l\u2019une des occupantes tu\u00e9e sur le coup"},"content":{"rendered":"<p>\n                                                                Trois femmes \u00e9taient \u00e0 bord de la voiture percut\u00e9e, l\u2019une d\u2019elles \u00e2g\u00e9e de 68 ans est d\u00e9c\u00e9d\u00e9e dans le choc.\n                            <\/p>\n<p>Une femme \u00e2g\u00e9e de 68 est d\u00e9c\u00e9d\u00e9e dans un accident de circulation impliquant un v\u00e9hicule de gendarmerie.<\/p>\n<p>Les faits se sont produits ce samedi 6\u00a0d\u00e9cembre \u00e0 Pont-Sainte-Maxence (Oise) peu avant 20\u00a0heures. L\u2019accident a eu lieu \u00e0 un carrefour du centre-ville entre un v\u00e9hicule de gendarmerie qui partait en intervention et a percut\u00e9 une voiture particuli\u00e8re. Le choc a \u00e9t\u00e9 violent et la voiture a \u00e9t\u00e9 projet\u00e9e de l\u2019autre c\u00f4t\u00e9 de la rue. \u00ab\u00a0Dans la voiture percut\u00e9e, deux femmes sont l\u00e9g\u00e8rement bless\u00e9es mais la troisi\u00e8me occupante, une femme de 68 ans ne survivra pas \u00e0 ses blessures, en d\u00e9pit de la rapide intervention de secours\u00a0\u00bb pr\u00e9cise <a href=\"https:\/\/www.leparisien.fr\/oise-60\/oise-une-femme-meurt-dans-une-collision-avec-un-vehicule-de-gendarmerie-07-12-2025-HC2T5NMHVJCEJHHFVECU2SNUUU.php\" target=\"_self\" rel=\"noopener\">Le Parisien<\/a>.<\/p>\n<p>Les trois gendarmes pr\u00e9sents dans la voiture ont \u00e9t\u00e9 choqu\u00e9s et transport\u00e9s \u00e0 l\u2019h\u00f4pital pour faire des examens de contr\u00f4le. Ils ont \u00e9galement fait des tests d\u2019alcool\u00e9mie et de toxicologie qui se sont av\u00e9r\u00e9s n\u00e9gatifs. Une enqu\u00eate est en cours pour d\u00e9terminer les causes exactes de l\u2019accident.\u00a0Le conducteur et le chef d\u2019\u00e9quipage ont \u00e9t\u00e9 plac\u00e9s en garde \u00e0 vue.<\/p>\n","protected":false},"excerpt":{"rendered":"Trois femmes \u00e9taient \u00e0 bord de la voiture percut\u00e9e, l\u2019une d\u2019elles \u00e2g\u00e9e de 68 ans est d\u00e9c\u00e9d\u00e9e dans&hellip;\n","protected":false},"author":2,"featured_media":584700,"comment_status":"","ping_status":"","sticky":false,"template":"","format":"standard","meta":{"footnotes":""},"categories":[4],"tags":[11,118,1011,27,12,25],"class_list":{"0":"post-584699","1":"post","2":"type-post","3":"status-publish","4":"format-standard","5":"has-post-thumbnail","7":"category-france","8":"tag-actualites","9":"tag-faits-divers","10":"tag-fr","11":"tag-france","12":"tag-news","13":"tag-republique-francaise"},"share_on_mastodon":{"url":"https:\/\/pubeurope.com\/@fr\/115679621578242702","error":""},"_links":{"self":[{"href":"https:\/\/www.europesays.com\/fr\/wp-json\/wp\/v2\/posts\/584699","targetHints":{"allow":["GET"]}}],"collection":[{"href":"https:\/\/www.europesays.com\/fr\/wp-json\/wp\/v2\/posts"}],"about":[{"href":"https:\/\/www.europesays.com\/fr\/wp-json\/wp\/v2\/types\/post"}],"author":[{"embeddable":true,"href":"https:\/\/www.europesays.com\/fr\/wp-json\/wp\/v2\/users\/2"}],"replies":[{"embeddable":true,"href":"https:\/\/www.europesays.com\/fr\/wp-json\/wp\/v2\/comments?post=584699"}],"version-history":[{"count":0,"href":"https:\/\/www.europesays.com\/fr\/wp-json\/wp\/v2\/posts\/584699\/revisions"}],"wp:featuredmedia":[{"embeddable":true,"href":"https:\/\/www.europesays.com\/fr\/wp-json\/wp\/v2\/media\/584700"}],"wp:attachment":[{"href":"https:\/\/www.europesays.com\/fr\/wp-json\/wp\/v2\/media?parent=584699"}],"wp:term":[{"taxonomy":"category","embeddable":true,"href":"https:\/\/www.europesays.com\/fr\/wp-json\/wp\/v2\/categories?post=584699"},{"taxonomy":"post_tag","embeddable":true,"href":"https:\/\/www.europesays.com\/fr\/wp-json\/wp\/v2\/tags?post=584699"}],"curies":[{"name":"wp","href":"https:\/\/api.w.org\/{rel}","templated":true}]}}