{"id":584703,"date":"2025-12-07T18:10:15","date_gmt":"2025-12-07T18:10:15","guid":{"rendered":"https:\/\/www.europesays.com\/fr\/584703\/"},"modified":"2025-12-07T18:10:15","modified_gmt":"2025-12-07T18:10:15","slug":"defaite-des-verts-contre-moulins-yzeure","status":"publish","type":"post","link":"https:\/\/www.europesays.com\/fr\/584703\/","title":{"rendered":"D\u00e9faite des Verts contre Moulins Yzeure"},"content":{"rendered":"<p>Ce dimanche, les Verts de Sylvain Gibert recevaient Moulins Yzeure, lanterne rouge du groupe G de National 3, au stade Aim\u00e9-Jacquet.<\/p>\n<p>Apr\u00e8s quelques minutes d\u2019observation, ce sont les Yzeuriens qui se cr\u00e9ent la premi\u00e8re occasion\u2026 et la convertissent. Sur une belle action collective, \u00e0 la 11e minute, le num\u00e9ro 7 vient reprendre de la t\u00eate un centre parfaitement adress\u00e9<strong> (0-1, 11e).<\/strong><\/p>\n<p>Touch\u00e9s d\u00e8s l&rsquo;entame, les St\u00e9phanois commencent progressivement \u00e0 imposer leur jeu. La fin de premi\u00e8re p\u00e9riode est plus anim\u00e9e, avec plusieurs situations dangereuses, notamment cette t\u00eate de Paul Eymard qui fr\u00f4le le poteau du portier adverse.<\/p>\n<p>Au retour des vestiaires, apr\u00e8s un choix plus offensif du technicien st\u00e9phanois, les Verts peinent d\u2019abord \u00e0 retrouver la m\u00eame dynamique. Puis, dans un sursaut d\u2019orgueil, les hommes de Sylvain Gibert parviennent \u00e0 revenir au score. Un penalty provoqu\u00e9 par Ntambu Mvaka et transform\u00e9 par le num\u00e9ro 9, Othman, ram\u00e8ne les deux \u00e9quipes \u00e0 \u00e9galit\u00e9<strong> (1-1, 78e).<\/strong><\/p>\n<p>Pouss\u00e9s vers l\u2019avant pour inscrire ce deuxi\u00e8me but synonyme de victoire, les jeunes Verts se projettent, mais une perte de balle leur est fatale : Moulins Yzeure en profite pour surprendre la d\u00e9fense dans les derni\u00e8res minutes et inscrire le but victorieux.<\/p>\n<p>La r\u00e9action du coach<\/p>\n<p>\u00ab\u00a0L\u2019objectif \u00e9tait de stopper cette spirale n\u00e9gative, de se rapprocher du maintien et de tenir nos adversaires \u00e0 distance, tout en retrouvant le go\u00fbt de la victoire \u00e0 domicile.<\/p>\n<p>\u00a0Malheureusement, les semaines se suivent et elles se ressemblent, dans le mauvais sens. On n\u2019y est pas totalement, on ne met pas tous les ingr\u00e9dients. Il manque des choses dans nos prestations, notamment individuelles. Ils mettent un top but sur leur action qui lance le match, et on leur donne le deuxi\u00e8me. Comme depuis de nombreuses semaines, on conc\u00e8de beaucoup trop de buts et on se fait punir.<\/p>\n<p>En premi\u00e8re p\u00e9riode, il manque de la prise d\u2019initiative, plus de frappes, plus d\u2019actions men\u00e9es au bout. On a une \u00e9norme occasion juste avant la mi-temps, avec la t\u00eate de Paul qui passe tout pr\u00e8s et qui aurait pu nous permettre de rentrer au vestiaire \u00e0 \u00e9galit\u00e9.<\/p>\n<p>En deuxi\u00e8me p\u00e9riode, c\u2019est forc\u00e9ment plus compliqu\u00e9 contre ce type d\u2019adversaire : ici, ils jouent leur vie, ils nous attendent, les espaces sont rares. Malgr\u00e9 \u00e7a, on insiste. On est presque r\u00e9compens\u00e9s : leur gardien sort un arr\u00eat exceptionnel sur la t\u00eate de K\u00e9vin Pedro, puis on est r\u00e9compens\u00e9s sur le penalty.<\/p>\n<p>Apr\u00e8s, oui, on doit faire plus. Mais tout n\u2019est pas \u00e0 jeter. Je sens que les joueurs sont d\u00e9termin\u00e9s. Simplement, pour le moment, \u00e7a ne tourne pas pour nous. Il ne faut surtout pas se positionner en victimes. Il faut continuer \u00e0 insister pour faire revenir la r\u00e9ussite. \u00ab\u00a0<\/p>\n<p>Fiche Technique<\/p>\n<p><strong>ASSE 1-2 Moulins Yzeure<\/strong><\/p>\n<p><strong>10e journ\u00e9e de National 3- Dimanche 7 D\u00e9cembre<\/strong><\/p>\n<p><strong>Mi-temps :<\/strong> 0-1<\/p>\n<p><strong>Buts :<\/strong> Rasamoel (11e), Lambert (88e) pour Moulins ; Othman (SP) (78e) pour l\u2019ASSE.<\/p>\n<p><strong>ASSE\u00a0<\/strong>: Tour\u00e9 &#8211; Makhloufi, Dodote, Batubinsika, Pedro &#8211; Sahraoui, Mouton, Gadegbeku &#8211; Cheick, Othman, Eymard. <strong>Entra\u00eeneur :\u00a0<\/strong>Sylvain Gibert.<\/p>\n","protected":false},"excerpt":{"rendered":"Ce dimanche, les Verts de Sylvain Gibert recevaient Moulins Yzeure, lanterne rouge du groupe G de National 3,&hellip;\n","protected":false},"author":2,"featured_media":584704,"comment_status":"","ping_status":"","sticky":false,"template":"","format":"standard","meta":{"footnotes":""},"categories":[9653],"tags":[1111,11,2430,1777,674,1011,27,12,25,4001],"class_list":{"0":"post-584703","1":"post","2":"type-post","3":"status-publish","4":"format-standard","5":"has-post-thumbnail","7":"category-saint-etienne","8":"tag-actu","9":"tag-actualites","10":"tag-auvergne-rhone-alpes","11":"tag-eu","12":"tag-europe","13":"tag-fr","14":"tag-france","15":"tag-news","16":"tag-republique-francaise","17":"tag-saint-etienne"},"share_on_mastodon":{"url":"https:\/\/pubeurope.com\/@fr\/115679633361818303","error":""},"_links":{"self":[{"href":"https:\/\/www.europesays.com\/fr\/wp-json\/wp\/v2\/posts\/584703","targetHints":{"allow":["GET"]}}],"collection":[{"href":"https:\/\/www.europesays.com\/fr\/wp-json\/wp\/v2\/posts"}],"about":[{"href":"https:\/\/www.europesays.com\/fr\/wp-json\/wp\/v2\/types\/post"}],"author":[{"embeddable":true,"href":"https:\/\/www.europesays.com\/fr\/wp-json\/wp\/v2\/users\/2"}],"replies":[{"embeddable":true,"href":"https:\/\/www.europesays.com\/fr\/wp-json\/wp\/v2\/comments?post=584703"}],"version-history":[{"count":0,"href":"https:\/\/www.europesays.com\/fr\/wp-json\/wp\/v2\/posts\/584703\/revisions"}],"wp:featuredmedia":[{"embeddable":true,"href":"https:\/\/www.europesays.com\/fr\/wp-json\/wp\/v2\/media\/584704"}],"wp:attachment":[{"href":"https:\/\/www.europesays.com\/fr\/wp-json\/wp\/v2\/media?parent=584703"}],"wp:term":[{"taxonomy":"category","embeddable":true,"href":"https:\/\/www.europesays.com\/fr\/wp-json\/wp\/v2\/categories?post=584703"},{"taxonomy":"post_tag","embeddable":true,"href":"https:\/\/www.europesays.com\/fr\/wp-json\/wp\/v2\/tags?post=584703"}],"curies":[{"name":"wp","href":"https:\/\/api.w.org\/{rel}","templated":true}]}}