{"id":584705,"date":"2025-12-07T18:11:14","date_gmt":"2025-12-07T18:11:14","guid":{"rendered":"https:\/\/www.europesays.com\/fr\/584705\/"},"modified":"2025-12-07T18:11:14","modified_gmt":"2025-12-07T18:11:14","slug":"conference-les-relations-entre-la-france-et-la-lorraine-au-17e-siecle","status":"publish","type":"post","link":"https:\/\/www.europesays.com\/fr\/584705\/","title":{"rendered":"Conf\u00e9rence Les relations entre la France et la Lorraine au 17e si\u00e8cle"},"content":{"rendered":"<p>Sur une invitation de la Soci\u00e9t\u00e9 d\u2019histoire de Nancy, Quentin Muller, docteur en histoire, donnera une conf\u00e9rence sur Les intendants fran\u00e7ais et la municipalit\u00e9 de Nancy au XVIIe si\u00e8cle. Il reviendra sur les relations entre la France et la Lorraine durant cette p\u00e9riode, en \u00e9tudiant les rapports entre la municipalit\u00e9 de Nancy et les intendants, administrateurs du roi de France, pendant les occupations fran\u00e7aises.<\/p>\n<p class=\"note\">Lundi 8 d\u00e9cembre, \u00e0 15 h, \u00e0 la MJC Lillebonne, 14, rue du Cheval-Blanc, \u00e0 Nancy. Entr\u00e9e libre. <\/p>\n","protected":false},"excerpt":{"rendered":"Sur une invitation de la Soci\u00e9t\u00e9 d\u2019histoire de Nancy, Quentin Muller, docteur en histoire, donnera une conf\u00e9rence sur&hellip;\n","protected":false},"author":2,"featured_media":584706,"comment_status":"","ping_status":"","sticky":false,"template":"","format":"standard","meta":{"footnotes":""},"categories":[9635],"tags":[1111,11,6211,1687,1704,1777,674,1011,27,775,1702,1703,12,5486,25],"class_list":{"0":"post-584705","1":"post","2":"type-post","3":"status-publish","4":"format-standard","5":"has-post-thumbnail","7":"category-nancy","8":"tag-actu","9":"tag-actualites","10":"tag-conference","11":"tag-culture-loisirs","12":"tag-edition-nancy-et-agglomeration","13":"tag-eu","14":"tag-europe","15":"tag-fr","16":"tag-france","17":"tag-grand-est","18":"tag-nancy","19":"tag-nancy-ville-54b","20":"tag-news","21":"tag-rencontre","22":"tag-republique-francaise"},"share_on_mastodon":{"url":"https:\/\/pubeurope.com\/@fr\/115679637374318630","error":""},"_links":{"self":[{"href":"https:\/\/www.europesays.com\/fr\/wp-json\/wp\/v2\/posts\/584705","targetHints":{"allow":["GET"]}}],"collection":[{"href":"https:\/\/www.europesays.com\/fr\/wp-json\/wp\/v2\/posts"}],"about":[{"href":"https:\/\/www.europesays.com\/fr\/wp-json\/wp\/v2\/types\/post"}],"author":[{"embeddable":true,"href":"https:\/\/www.europesays.com\/fr\/wp-json\/wp\/v2\/users\/2"}],"replies":[{"embeddable":true,"href":"https:\/\/www.europesays.com\/fr\/wp-json\/wp\/v2\/comments?post=584705"}],"version-history":[{"count":0,"href":"https:\/\/www.europesays.com\/fr\/wp-json\/wp\/v2\/posts\/584705\/revisions"}],"wp:featuredmedia":[{"embeddable":true,"href":"https:\/\/www.europesays.com\/fr\/wp-json\/wp\/v2\/media\/584706"}],"wp:attachment":[{"href":"https:\/\/www.europesays.com\/fr\/wp-json\/wp\/v2\/media?parent=584705"}],"wp:term":[{"taxonomy":"category","embeddable":true,"href":"https:\/\/www.europesays.com\/fr\/wp-json\/wp\/v2\/categories?post=584705"},{"taxonomy":"post_tag","embeddable":true,"href":"https:\/\/www.europesays.com\/fr\/wp-json\/wp\/v2\/tags?post=584705"}],"curies":[{"name":"wp","href":"https:\/\/api.w.org\/{rel}","templated":true}]}}