{"id":584707,"date":"2025-12-07T18:12:41","date_gmt":"2025-12-07T18:12:41","guid":{"rendered":"https:\/\/www.europesays.com\/fr\/584707\/"},"modified":"2025-12-07T18:12:41","modified_gmt":"2025-12-07T18:12:41","slug":"nancy-ils-veulent-mieux-voir-le-defile-de-la-saint-nicolas-ils-terminent-en-garde-a-vue","status":"publish","type":"post","link":"https:\/\/www.europesays.com\/fr\/584707\/","title":{"rendered":"Nancy\u00a0: ils veulent mieux voir le d\u00e9fil\u00e9 de la Saint-Nicolas, ils terminent en garde \u00e0 vue"},"content":{"rendered":"<p>Deux interpellations ont eu lieu lors du d\u00e9fil\u00e9 de la Saint-Nicolas \u00e0 Nancy samedi 7 d\u00e9cembre. Ces deux jeunes hommes en sont venus aux mains pour obtenir la meilleure place pour observer le spectacle. Ils ont finalement pass\u00e9 la nuit en garde \u00e0 vue. <\/p>\n<p>Ils voulaient voir les chars, ils n&rsquo;ont pas vu les chars. Vers 18h30, samedi 7 d\u00e9cembre, au niveau de la porte H\u00e9r\u00e9 \u00e0 Nancy, <strong>une bagarre \u00e9clate entre deux familles<\/strong>. Cela s&rsquo;est termin\u00e9 pour deux jeunes hommes de 19 et 20 ans en garde \u00e0 vue. Ils n&rsquo;ont donc pas vu\u00a0<a class=\"IciLink ici-link IciArticleLink g-ici-body-regular-1 underline brand svelte-1chfe2s\" href=\"https:\/\/www.francebleu.fr\/emissions\/c-est-lorrain-c-est-fin-bien\/pourquoi-la-saint-nicolas-est-un-pilier-de-l-identite-lorraine-depuis-548-ans-8715550\" target=\"_blank\" rel=\"noopener\">le d\u00e9fil\u00e9 de la Saint-Nicolas<\/a>.<\/p>\n<p>Les policiers, nombreux sur place pour l&rsquo;\u00e9v\u00e9nement, sont rapidement intervenus. C&rsquo;est une famille qui tentait de jouer des coudes pour trouver le meilleur point de vue, r\u00e9v\u00e8le\u00a0<a target=\"_blank\" rel=\"nofollow noopener noreferrer\" class=\"IciLink ici-link IciArticleLink g-ici-body-regular-1 underline brand svelte-1chfe2s\" href=\"https:\/\/www.estrepublicain.fr\/culture-loisirs\/2025\/12\/07\/une-rixe-des-enfants-perdus-et-quelques-malaises-lors-du-defile-de-la-saint-nicolas\">l&rsquo;Est R\u00e9publicain<\/a>. Information confirm\u00e9e par ICI Lorraine. Finalement, <strong>des coups de poing<\/strong> ont \u00e9t\u00e9 \u00e9chang\u00e9s avec une autre famille pour tenter d&rsquo;obtenir la place la plus proche du d\u00e9fil\u00e9.<\/p>\n<p>Une convocation au tribunal<\/p>\n<p>Deux jeunes hommes de 19 et 20 ans ont \u00e9t\u00e9 interpell\u00e9s. <strong>Ils ont pass\u00e9 la nuit en garde \u00e0 vue<\/strong> et en sont ressortis ce dimanche 7 d\u00e9cembre, dans la matin\u00e9e. Ils seront bient\u00f4t convoqu\u00e9s au tribunal.<\/p>\n<p>\u00c0 lire aussi   <img decoding=\"async\" src=\"https:\/\/www.europesays.com\/fr\/wp-content\/uploads\/2025\/12\/1765131161_860_400x400\" alt=\"\" style=\"--_image-preview:url('data:image\/jpeg;base64,\/9j\/2wBDACgcHiMeGSgjISMtKygwPGRBPDc3PHtYXUlkkYCZlo+AjIqgtObDoKrarYqMyP\/L2u71\/\/\/\/m8H\/\/\/\/6\/+b9\/\/j\/2wBDASstLTw1PHZBQXb4pYyl+Pj4+Pj4+Pj4+Pj4+Pj4+Pj4+Pj4+Pj4+Pj4+Pj4+Pj4+Pj4+Pj4+Pj4+Pj4+Pj4+Pj\/wAARCAAXACoDASIAAhEBAxEB\/8QAGAAAAwEBAAAAAAAAAAAAAAAAAAIDAQX\/xAAXEAEBAQEAAAAAAAAAAAAAAAAAAQIR\/8QAFQEBAQAAAAAAAAAAAAAAAAAAAQD\/xAAUEQEAAAAAAAAAAAAAAAAAAAAA\/9oADAMBAAIRAxEAPwDm4yviMzhSZSNmnmk2ygqym6nk4Kcw25AQLYyAFKZinAAX\/9k=');\" loading=\"lazy\" fetchpriority=\"low\" aria-hidden=\"true\" class=\"svelte-1cksh76 rounded\" onload=\"this.__e=event\" onerror=\"this.__e=event\"\/><\/p>\n","protected":false},"excerpt":{"rendered":"Deux interpellations ont eu lieu lors du d\u00e9fil\u00e9 de la Saint-Nicolas \u00e0 Nancy samedi 7 d\u00e9cembre. Ces deux&hellip;\n","protected":false},"author":2,"featured_media":584708,"comment_status":"","ping_status":"","sticky":false,"template":"","format":"standard","meta":{"footnotes":""},"categories":[9635],"tags":[1111,11,1777,674,1011,27,775,1702,12,25],"class_list":{"0":"post-584707","1":"post","2":"type-post","3":"status-publish","4":"format-standard","5":"has-post-thumbnail","7":"category-nancy","8":"tag-actu","9":"tag-actualites","10":"tag-eu","11":"tag-europe","12":"tag-fr","13":"tag-france","14":"tag-grand-est","15":"tag-nancy","16":"tag-news","17":"tag-republique-francaise"},"share_on_mastodon":{"url":"https:\/\/pubeurope.com\/@fr\/115679642026111410","error":""},"_links":{"self":[{"href":"https:\/\/www.europesays.com\/fr\/wp-json\/wp\/v2\/posts\/584707","targetHints":{"allow":["GET"]}}],"collection":[{"href":"https:\/\/www.europesays.com\/fr\/wp-json\/wp\/v2\/posts"}],"about":[{"href":"https:\/\/www.europesays.com\/fr\/wp-json\/wp\/v2\/types\/post"}],"author":[{"embeddable":true,"href":"https:\/\/www.europesays.com\/fr\/wp-json\/wp\/v2\/users\/2"}],"replies":[{"embeddable":true,"href":"https:\/\/www.europesays.com\/fr\/wp-json\/wp\/v2\/comments?post=584707"}],"version-history":[{"count":0,"href":"https:\/\/www.europesays.com\/fr\/wp-json\/wp\/v2\/posts\/584707\/revisions"}],"wp:featuredmedia":[{"embeddable":true,"href":"https:\/\/www.europesays.com\/fr\/wp-json\/wp\/v2\/media\/584708"}],"wp:attachment":[{"href":"https:\/\/www.europesays.com\/fr\/wp-json\/wp\/v2\/media?parent=584707"}],"wp:term":[{"taxonomy":"category","embeddable":true,"href":"https:\/\/www.europesays.com\/fr\/wp-json\/wp\/v2\/categories?post=584707"},{"taxonomy":"post_tag","embeddable":true,"href":"https:\/\/www.europesays.com\/fr\/wp-json\/wp\/v2\/tags?post=584707"}],"curies":[{"name":"wp","href":"https:\/\/api.w.org\/{rel}","templated":true}]}}