{"id":58471,"date":"2025-04-28T05:17:13","date_gmt":"2025-04-28T05:17:13","guid":{"rendered":"https:\/\/www.europesays.com\/fr\/58471\/"},"modified":"2025-04-28T05:17:13","modified_gmt":"2025-04-28T05:17:13","slug":"mercantour-classic-alpes-maritimes-le-parcours-2025-actualite","status":"publish","type":"post","link":"https:\/\/www.europesays.com\/fr\/58471\/","title":{"rendered":"Mercan&rsquo;Tour Classic Alpes Maritimes : Le parcours 2025 &#8211; Actualit\u00e9"},"content":{"rendered":"<p>            <a href=\"https:\/\/fr-eu.wahoofitness.com\/\" onclick=\"trackOutboundLink(&#039;https:\/\/fr-eu.wahoofitness.com\/&#039;); return false;\" target=\"_blank\" rel=\"noopener\"><br \/>\n            <img decoding=\"async\" src=\"https:\/\/www.europesays.com\/fr\/wp-content\/uploads\/2025\/04\/saison-pro-2023-wahoo.jpg\" alt=\"La saison Pro avec WAHOO\" width=\"100%\"\/><br \/>\n        <\/a><\/p>\n<p>                                                                    <img decoding=\"async\" src=\"https:\/\/www.europesays.com\/fr\/wp-content\/uploads\/2025\/04\/680d540268431.jpg\" height=\"auto\" loading=\"lazy\"\/><br \/>\n                                                                    Cr\u00e9dit photo Nicolas Mayble &#8211; DirectVelo<\/p>\n<p class=\"images-caption\">Cr\u00e9dit photo Nicolas Mayble &#8211; DirectVelo<\/p>\n<p class=\"metadata\">\n            Par<br \/>\n        <strong class=\"text-black\">NICOLAS BERRIEGTS<\/strong><br \/>\n                    <br \/>Le<br \/>\n    27 avril 2025, 10:21<\/p>\n<p style=\"text-align: justify;\">La cinqui\u00e8me \u00e9dition de la Mercan&rsquo;Tour Classic Alpes Maritimes aura lieu le 26 mai prochain. L&rsquo;\u00e9preuve qui compte pour la Coupe de France FDJ a d\u00e9voil\u00e9 son parcours pour l&rsquo;\u00e9dition 2025.<\/p>\n<p>Changement cette ann\u00e9e, le peloton retrouvera la boucle autour de Valberg mais dans un autre sens. Le col sera grimp\u00e9 par le versant de P\u00e9one. Sinon, les coureurs devront toujours monter la Colmiane et la Couillole, pour 152 kilom\u00e8tres de course.<\/p>\n<p>Le vainqueur succ\u00e9dera au palmar\u00e8s \u00e0 Lenny Martinez (<strong><a href=\"https:\/\/www.directvelo.com\/epreuve\/41265\/mercantour-classic-alpes-maritimes-2024\" target=\"_blank\" rel=\"noopener\">voir classement<\/a><\/strong>).<\/p>\n<p><strong>Le profil :<\/strong><\/p>\n<p class=\"text-center\"><img loading=\"lazy\" decoding=\"async\" src=\"https:\/\/www.europesays.com\/fr\/wp-content\/uploads\/2025\/04\/493311462_1289620943171563_5052496227057894404_n.jpg\" alt=\"\" width=\"650\" height=\"354\"\/><\/p>\n","protected":false},"excerpt":{"rendered":"Cr\u00e9dit photo Nicolas Mayble &#8211; DirectVelo Cr\u00e9dit photo Nicolas Mayble &#8211; DirectVelo Par NICOLAS BERRIEGTS Le 27 avril&hellip;\n","protected":false},"author":2,"featured_media":58472,"comment_status":"","ping_status":"","sticky":false,"template":"","format":"standard","meta":{"footnotes":""},"categories":[1411],"tags":[834,828,836,829,837,827,83,826,824,823,1154,207,814,817,815,816,822,821,832,211,839,1011,27,820,818,819,835,831,830,833,838,60,212,208,825],"class_list":{"0":"post-58471","1":"post","2":"type-post","3":"status-publish","4":"format-standard","5":"has-post-thumbnail","7":"category-cyclisme","8":"tag-attaque","9":"tag-belgique","10":"tag-braquet","11":"tag-bretagne","12":"tag-chute","13":"tag-competition","14":"tag-coupe-de-france","15":"tag-coureur","16":"tag-course-cyclisme","17":"tag-course-cycliste","18":"tag-cycling","19":"tag-cyclisme","20":"tag-direct","21":"tag-direct-velo","22":"tag-directvelo","23":"tag-directvelo-com","24":"tag-epreuve","25":"tag-epreuve-cycliste","26":"tag-federation-francaise-de-cyclisme","27":"tag-ffc","28":"tag-flandres","29":"tag-fr","30":"tag-france","31":"tag-live","32":"tag-live-course","33":"tag-live-epreuve","34":"tag-peloton","35":"tag-radio-peloton","36":"tag-radio-tour","37":"tag-ravitaillement","38":"tag-relance","39":"tag-sports","40":"tag-uci","41":"tag-velo","42":"tag-velos"},"share_on_mastodon":{"url":"https:\/\/pubeurope.com\/@fr\/114413898546154005","error":""},"_links":{"self":[{"href":"https:\/\/www.europesays.com\/fr\/wp-json\/wp\/v2\/posts\/58471","targetHints":{"allow":["GET"]}}],"collection":[{"href":"https:\/\/www.europesays.com\/fr\/wp-json\/wp\/v2\/posts"}],"about":[{"href":"https:\/\/www.europesays.com\/fr\/wp-json\/wp\/v2\/types\/post"}],"author":[{"embeddable":true,"href":"https:\/\/www.europesays.com\/fr\/wp-json\/wp\/v2\/users\/2"}],"replies":[{"embeddable":true,"href":"https:\/\/www.europesays.com\/fr\/wp-json\/wp\/v2\/comments?post=58471"}],"version-history":[{"count":0,"href":"https:\/\/www.europesays.com\/fr\/wp-json\/wp\/v2\/posts\/58471\/revisions"}],"wp:featuredmedia":[{"embeddable":true,"href":"https:\/\/www.europesays.com\/fr\/wp-json\/wp\/v2\/media\/58472"}],"wp:attachment":[{"href":"https:\/\/www.europesays.com\/fr\/wp-json\/wp\/v2\/media?parent=58471"}],"wp:term":[{"taxonomy":"category","embeddable":true,"href":"https:\/\/www.europesays.com\/fr\/wp-json\/wp\/v2\/categories?post=58471"},{"taxonomy":"post_tag","embeddable":true,"href":"https:\/\/www.europesays.com\/fr\/wp-json\/wp\/v2\/tags?post=58471"}],"curies":[{"name":"wp","href":"https:\/\/api.w.org\/{rel}","templated":true}]}}