{"id":584711,"date":"2025-12-07T18:15:13","date_gmt":"2025-12-07T18:15:13","guid":{"rendered":"https:\/\/www.europesays.com\/fr\/584711\/"},"modified":"2025-12-07T18:15:13","modified_gmt":"2025-12-07T18:15:13","slug":"jeu-concours-gagnez-vos-entrees-pour-visiter-planet-ocean","status":"publish","type":"post","link":"https:\/\/www.europesays.com\/fr\/584711\/","title":{"rendered":"JEU CONCOURS Gagnez vos entr\u00e9es pour visiter Planet Oc\u00e9an"},"content":{"rendered":"<p>En collaboration avec Objectif Gard &amp; Arles, Planet Oc\u00e9an vous offre vos entr\u00e9es pour d\u00e9couvrir ou red\u00e9couvrir Planet Oc\u00e9an \u00e0 Montpellier.\u00a0<\/p>\n<p>Au c\u0153ur d\u2019Odysseum \u00e0 Montpellier, Planet Oc\u00e9an allie aquarium et plan\u00e9tarium pour une exp\u00e9rience immersive unique. Explorez plus de 30 aquariums et bassins peupl\u00e9s de milliers d\u2019esp\u00e8ces marines, des requins aux poissons tropicaux, dans des d\u00e9cors soign\u00e9s avec animations et sons captivants. Le plan\u00e9tarium propose des projections \u00e0 360\u00b0, ateliers et expositions pour d\u00e9couvrir \u00e9toiles, plan\u00e8tes et myst\u00e8res de l\u2019espace. Id\u00e9al pour les familles et les passionn\u00e9s de nature et d\u2019astronomie, Planet Oc\u00e9an sensibilise \u00e9galement \u00e0 la pr\u00e9servation des oc\u00e9ans et de la biodiversit\u00e9 !<\/p>\n<p>Tentez de remporter vos entr\u00e9es avec Objectif Gard ! Comment participer ? Il vous suffit de vous abonner aux pages officielles de notre partenaire Planet Oc\u00e9an, sur les r\u00e9seaux sociaux. Cliquez simplement sur les liens ci-dessous pour acc\u00e9der \u00e0 leurs pages :<a href=\"https:\/\/www.facebook.com\/PlanetOceanMontpellier\" target=\"_blank\" rel=\"noopener\"> <\/a><b><a href=\"https:\/\/www.facebook.com\/PlanetOceanMontpellier\" target=\"_blank\" rel=\"noopener\">Page Facebook<\/a>,<\/b> <a href=\"https:\/\/www.instagram.com\/planet_ocean_montpellier\/\" target=\"_blank\" rel=\"noopener\"><b>Compte Instagram<\/b><\/a> ensuite, envoyez-nous un message priv\u00e9 via les r\u00e9seaux officiels d\u2019Objectif Gard, en nous pr\u00e9cisant \u00ab je joue pour Planet Oc\u00e9an \u00bb ! Vous serez automatiquement inscrit pour le tirage au sort et contact\u00e9 en message priv\u00e9 si vous gagnez !<\/p>\n<p>    <script async src=\"\/\/www.instagram.com\/embed.js\"><\/script><\/p>\n","protected":false},"excerpt":{"rendered":"En collaboration avec Objectif Gard &amp; Arles, Planet Oc\u00e9an vous offre vos entr\u00e9es pour d\u00e9couvrir ou red\u00e9couvrir Planet&hellip;\n","protected":false},"author":2,"featured_media":584712,"comment_status":"","ping_status":"","sticky":false,"template":"","format":"standard","meta":{"footnotes":""},"categories":[9599],"tags":[1111,11,1777,674,1011,27,2208,12,2680,25],"class_list":{"0":"post-584711","1":"post","2":"type-post","3":"status-publish","4":"format-standard","5":"has-post-thumbnail","7":"category-montpellier","8":"tag-actu","9":"tag-actualites","10":"tag-eu","11":"tag-europe","12":"tag-fr","13":"tag-france","14":"tag-montpellier","15":"tag-news","16":"tag-occitanie","17":"tag-republique-francaise"},"share_on_mastodon":{"url":"https:\/\/pubeurope.com\/@fr\/115679652947813684","error":""},"_links":{"self":[{"href":"https:\/\/www.europesays.com\/fr\/wp-json\/wp\/v2\/posts\/584711","targetHints":{"allow":["GET"]}}],"collection":[{"href":"https:\/\/www.europesays.com\/fr\/wp-json\/wp\/v2\/posts"}],"about":[{"href":"https:\/\/www.europesays.com\/fr\/wp-json\/wp\/v2\/types\/post"}],"author":[{"embeddable":true,"href":"https:\/\/www.europesays.com\/fr\/wp-json\/wp\/v2\/users\/2"}],"replies":[{"embeddable":true,"href":"https:\/\/www.europesays.com\/fr\/wp-json\/wp\/v2\/comments?post=584711"}],"version-history":[{"count":0,"href":"https:\/\/www.europesays.com\/fr\/wp-json\/wp\/v2\/posts\/584711\/revisions"}],"wp:featuredmedia":[{"embeddable":true,"href":"https:\/\/www.europesays.com\/fr\/wp-json\/wp\/v2\/media\/584712"}],"wp:attachment":[{"href":"https:\/\/www.europesays.com\/fr\/wp-json\/wp\/v2\/media?parent=584711"}],"wp:term":[{"taxonomy":"category","embeddable":true,"href":"https:\/\/www.europesays.com\/fr\/wp-json\/wp\/v2\/categories?post=584711"},{"taxonomy":"post_tag","embeddable":true,"href":"https:\/\/www.europesays.com\/fr\/wp-json\/wp\/v2\/tags?post=584711"}],"curies":[{"name":"wp","href":"https:\/\/api.w.org\/{rel}","templated":true}]}}