{"id":584715,"date":"2025-12-07T18:17:21","date_gmt":"2025-12-07T18:17:21","guid":{"rendered":"https:\/\/www.europesays.com\/fr\/584715\/"},"modified":"2025-12-07T18:17:21","modified_gmt":"2025-12-07T18:17:21","slug":"telethon-plus-de-445-000e-deja-recoltes-en-seine-maritime-2","status":"publish","type":"post","link":"https:\/\/www.europesays.com\/fr\/584715\/","title":{"rendered":"T\u00e9l\u00e9thon. Plus de 445 000\u20ac d\u00e9j\u00e0 r\u00e9colt\u00e9s en Seine-Maritime"},"content":{"rendered":"<p melodystyle=\"texte\" data-end=\"819\">Les trente heures de la 39e \u00e9dition du T\u00e9l\u00e9thon se sont achev\u00e9es dans la nuit du samedi 6 au dimanche 7 septembre. Le premier chiffre communiqu\u00e9 officiellement par l&rsquo;AFM-T\u00e9l\u00e9thon fait \u00e9tat de 83 504 259\u20ac collect\u00e9s, au profit de la recherche sur les maladies g\u00e9n\u00e9tiques rares. En Seine-Maritime, 445 371\u20ac \u00e9taient officiellement comptabilis\u00e9s, selon les chiffres publi\u00e9s \u00e0 2 heures du matin, avec un total de 1,216 million d&rsquo;euros sur l&rsquo;ensemble des cinq d\u00e9partements normands.<\/p>\n<p>Une progression nette des dons<\/p>\n<p melodystyle=\"texte\" data-end=\"1130\">Les chiffres sont en hausse par rapport \u00e0 l&rsquo;an pass\u00e9, o\u00f9 la barre des 80 millions avait tout juste \u00e9t\u00e9 atteinte durant l&rsquo;\u00e9v\u00e9nement officiel. Les dons \u00e9tant encore possibles plusieurs jours apr\u00e8s, plus de 96,5 millions d&rsquo;euros avaient finalement \u00e9t\u00e9 comptabilis\u00e9s.<\/p>\n<p>Le 3637 reste ouvert plusieurs jours<\/p>\n<p melodystyle=\"texte\" data-end=\"1301\">Cette ann\u00e9e encore, le 3637 reste accessible jusqu&rsquo;au vendredi 12 d\u00e9cembre, permettant de poursuivre la mobilisation.<\/p>\n","protected":false},"excerpt":{"rendered":"Les trente heures de la 39e \u00e9dition du T\u00e9l\u00e9thon se sont achev\u00e9es dans la nuit du samedi 6&hellip;\n","protected":false},"author":2,"featured_media":584029,"comment_status":"","ping_status":"","sticky":false,"template":"","format":"standard","meta":{"footnotes":""},"categories":[9587],"tags":[1111,11,1777,674,1011,27,12,5161,25,9590],"class_list":{"0":"post-584715","1":"post","2":"type-post","3":"status-publish","4":"format-standard","5":"has-post-thumbnail","7":"category-rouen","8":"tag-actu","9":"tag-actualites","10":"tag-eu","11":"tag-europe","12":"tag-fr","13":"tag-france","14":"tag-news","15":"tag-normandie","16":"tag-republique-francaise","17":"tag-rouen"},"share_on_mastodon":{"url":"https:\/\/pubeurope.com\/@fr\/115679660805924845","error":""},"_links":{"self":[{"href":"https:\/\/www.europesays.com\/fr\/wp-json\/wp\/v2\/posts\/584715","targetHints":{"allow":["GET"]}}],"collection":[{"href":"https:\/\/www.europesays.com\/fr\/wp-json\/wp\/v2\/posts"}],"about":[{"href":"https:\/\/www.europesays.com\/fr\/wp-json\/wp\/v2\/types\/post"}],"author":[{"embeddable":true,"href":"https:\/\/www.europesays.com\/fr\/wp-json\/wp\/v2\/users\/2"}],"replies":[{"embeddable":true,"href":"https:\/\/www.europesays.com\/fr\/wp-json\/wp\/v2\/comments?post=584715"}],"version-history":[{"count":0,"href":"https:\/\/www.europesays.com\/fr\/wp-json\/wp\/v2\/posts\/584715\/revisions"}],"wp:featuredmedia":[{"embeddable":true,"href":"https:\/\/www.europesays.com\/fr\/wp-json\/wp\/v2\/media\/584029"}],"wp:attachment":[{"href":"https:\/\/www.europesays.com\/fr\/wp-json\/wp\/v2\/media?parent=584715"}],"wp:term":[{"taxonomy":"category","embeddable":true,"href":"https:\/\/www.europesays.com\/fr\/wp-json\/wp\/v2\/categories?post=584715"},{"taxonomy":"post_tag","embeddable":true,"href":"https:\/\/www.europesays.com\/fr\/wp-json\/wp\/v2\/tags?post=584715"}],"curies":[{"name":"wp","href":"https:\/\/api.w.org\/{rel}","templated":true}]}}