{"id":584717,"date":"2025-12-07T18:21:26","date_gmt":"2025-12-07T18:21:26","guid":{"rendered":"https:\/\/www.europesays.com\/fr\/584717\/"},"modified":"2025-12-07T18:21:26","modified_gmt":"2025-12-07T18:21:26","slug":"deux-jeunes-hommes-tues-par-balles-a-grenoble-et-a-echirolles-liberation","status":"publish","type":"post","link":"https:\/\/www.europesays.com\/fr\/584717\/","title":{"rendered":"deux jeunes hommes tu\u00e9s par balles \u00e0 Grenoble et \u00e0 Echirolles \u2013 Lib\u00e9ration"},"content":{"rendered":"<p class=\"sc-cPiKLX AiZTS text-element\">La ville de Grenoble s\u2019est de nouveau r\u00e9veill\u00e9e endeuill\u00e9e, ce dimanche 7 d\u00e9cembre. Deux hommes de 18 et 22 ans ont \u00e9t\u00e9 tu\u00e9s par balle dans la nuit dans la pr\u00e9fecture de l\u2019Is\u00e8re et \u00e0 Echirolles, en proche banlieue, selon le parquet. La victime la plus \u00e2g\u00e9e, \u00abinconnue des services de police\u00bb, a \u00e9t\u00e9 prise en charge par les secours au niveau d\u2019une avenue \u00e0 Echirolles, \u00aben urgence vitale\u00bb. Elle a \u00e9t\u00e9 bless\u00e9e par arme \u00e0 feu. Son d\u00e9c\u00e8s a \u00e9t\u00e9 constat\u00e9 \u00abpeu de temps apr\u00e8s son arriv\u00e9e \u00e0 l\u2019h\u00f4pital\u00bb, a d\u00e9clar\u00e9 In\u00e8s Delay, la procureure adjointe de Grenoble, dans un communiqu\u00e9. Le jeune homme pr\u00e9sentait trois impacts \u00e0 la t\u00eate, au dos et au ventre, a pr\u00e9cis\u00e9 une source polici\u00e8re, ajoutant que la fusillade avait \u00e9clat\u00e9 peu apr\u00e8s 23 heures.<\/p>\n<p class=\"sc-cPiKLX AiZTS text-element\">La division de la criminalit\u00e9 organis\u00e9e sp\u00e9cialis\u00e9e (DCOS) a \u00e9t\u00e9 saisie de l\u2019enqu\u00eate. Selon la magistrate, la victime a \u00e9t\u00e9 la \u00abcible\u00bb d\u2019\u00abun individu mont\u00e9 sur un v\u00e9hicule deux-roues\u00bb, alors qu\u2019elle quittait les lieux d\u2019une \u00abrixe opposant plusieurs dizaines d\u2019individus\u00bb, un peu plus t\u00f4t dans la soir\u00e9e, devant un fast-food. <a href=\"https:\/\/www.ledauphine.com\/faits-divers-justice\/2025\/12\/07\/deux-morts-par-balles-d-abord-a-echirolles-puis-a-grenoble-apres-une-rixe-dans-un-fast-food\" target=\"_blank\" rel=\"noopener\" title=\"https:\/\/www.ledauphine.com\/faits-divers-justice\/2025\/12\/07\/deux-morts-par-balles-d-abord-a-echirolles-puis-a-grenoble-apres-une-rixe-dans-un-fast-food\">Selon le quotidien r\u00e9gional le Dauphin\u00e9 lib\u00e9r\u00e9<\/a>, \u00abtout indique qu\u2019il s\u2019agit d\u2019une victime collat\u00e9rale, touch\u00e9e par erreur alors qu\u2019elle s\u2019\u00e9loignait apr\u00e8s s\u2019\u00eatre interpos\u00e9e dans une bagarre g\u00e9n\u00e9rale qui venait d\u2019opposer plusieurs dizaines d\u2019individus dans un \u00e9tablissement de restauration rapide voisin\u00bb.<\/p>\n<p class=\"sc-cPiKLX AiZTS text-element\">\u00abSur place, les policiers \u00e9taient inform\u00e9s qu\u2019un \u00e9v\u00e9nement \u00e9tait survenu dans le m\u00eame laps de temps et \u00e0 proximit\u00e9 du m\u00eame \u00e9tablissement, au cours duquel un individu avait subi des violences de la part de plusieurs autres, avant d\u2019\u00eatre enlev\u00e9 \u00e0 bord d\u2019un v\u00e9hicule\u00bb, a ajout\u00e9 In\u00e8s Delay, \u00e9voquant la plus jeune victime. Le corps sans vie de l\u2019homme de 18 ans, \u00abd\u00e9j\u00e0 connu pour des infractions \u00e0 la l\u00e9gislation sur les stup\u00e9fiants\u00bb, a \u00e9t\u00e9 retrouv\u00e9 t\u00f4t dimanche matin \u00e0 Grenoble dans le parc de la Bruy\u00e8re, a-t-elle ajout\u00e9. Il pr\u00e9sentait \u00abplusieurs plaies occasionn\u00e9es notamment par une arme \u00e0 feu\u00bb, a poursuivi la procureure adjointe, concluant que les enqu\u00eateurs \u00abn\u2019\u00e9tablissent, cependant et pour l\u2019heure, aucun lien avec le narcobanditisme\u00bb s\u2019agissant des deux affaires.<\/p>\n<p class=\"sc-cPiKLX AiZTS text-element\">Dans la nuit de mardi \u00e0 mercredi, d\u00e9j\u00e0, un homme de 33 ans avait \u00e9t\u00e9 retrouv\u00e9 mort avec deux impacts de balle \u00e0 Echirolles. Touch\u00e9 au dos et \u00e0 la m\u00e2choire, il \u00e9tait porteur d\u2019un gilet pare-balles, avait pr\u00e9cis\u00e9 une source polici\u00e8re. Le territoire de Grenoble <a href=\"https:\/\/www.liberation.fr\/societe\/police-justice\/attaque-dun-bar-a-grenoble-cest-la-premiere-fois-que-cest-aussi-grave-20250213_4NWURNKZB5DXNPEMVRKX4BXRNY\/\" target=\"_blank\" rel=\"noopener\" title=\"https:\/\/www.liberation.fr\/societe\/police-justice\/attaque-dun-bar-a-grenoble-cest-la-premiere-fois-que-cest-aussi-grave-20250213_4NWURNKZB5DXNPEMVRKX4BXRNY\/\">est r\u00e9guli\u00e8rement marqu\u00e9 par des \u00e9pisodes de violence par arme \u00e0 feu<\/a> li\u00e9s au trafic de drogue. A Echirolles en septembre 2024, les autorit\u00e9s avaient d\u00fb fermer un immeuble entier, <a href=\"https:\/\/www.liberation.fr\/societe\/police-justice\/a-echirolles-dans-un-immeuble-squatte-par-des-dealers-le-grave-est-devenu-lordinaire-20240822_IG4JOQGE4NGONJVL47SYWXW2XM\/\" target=\"_blank\" rel=\"noopener\" title=\"https:\/\/www.liberation.fr\/societe\/police-justice\/a-echirolles-dans-un-immeuble-squatte-par-des-dealers-le-grave-est-devenu-lordinaire-20240822_IG4JOQGE4NGONJVL47SYWXW2XM\/\">\u00able Carrare\u00bb<\/a>, qui abritait un point de deal tr\u00e8s lucratif, et \u00e9vacuer tous ses habitants.<\/p>\n<p class=\"sc-cPiKLX AiZTS text-element\">Ce dimanche a \u00e9galement \u00e9t\u00e9 endeuill\u00e9 par la mort d\u2019un jeune homme \u00e0 Rennes, dont le corps pr\u00e9sentant des plaies par balles a \u00e9t\u00e9 retrouv\u00e9 dans une voiture. Les policiers ont \u00e9t\u00e9 alert\u00e9s dans la nuit par une riveraine indiquant avoir entendu des coups de feu dans le quartier du Blosne (sud de la ville), a expliqu\u00e9 le parquet. La victime, reconnue par des proches selon le parquet, est \u00abprobablement\u00bb un homme de 25 ans, n\u00e9 au Maroc. Une enqu\u00eate pour meurtre aggrav\u00e9 a \u00e9t\u00e9 ouverte et confi\u00e9e \u00e0 la DCOS de Rennes.<\/p>\n","protected":false},"excerpt":{"rendered":"La ville de Grenoble s\u2019est de nouveau r\u00e9veill\u00e9e endeuill\u00e9e, ce dimanche 7 d\u00e9cembre. Deux hommes de 18 et&hellip;\n","protected":false},"author":2,"featured_media":584718,"comment_status":"","ping_status":"","sticky":false,"template":"","format":"standard","meta":{"footnotes":""},"categories":[9566],"tags":[1111,11,2430,1777,674,1011,27,2731,12,25],"class_list":{"0":"post-584717","1":"post","2":"type-post","3":"status-publish","4":"format-standard","5":"has-post-thumbnail","7":"category-grenoble","8":"tag-actu","9":"tag-actualites","10":"tag-auvergne-rhone-alpes","11":"tag-eu","12":"tag-europe","13":"tag-fr","14":"tag-france","15":"tag-grenoble","16":"tag-news","17":"tag-republique-francaise"},"share_on_mastodon":{"url":"https:\/\/pubeurope.com\/@fr\/115679677588460248","error":""},"_links":{"self":[{"href":"https:\/\/www.europesays.com\/fr\/wp-json\/wp\/v2\/posts\/584717","targetHints":{"allow":["GET"]}}],"collection":[{"href":"https:\/\/www.europesays.com\/fr\/wp-json\/wp\/v2\/posts"}],"about":[{"href":"https:\/\/www.europesays.com\/fr\/wp-json\/wp\/v2\/types\/post"}],"author":[{"embeddable":true,"href":"https:\/\/www.europesays.com\/fr\/wp-json\/wp\/v2\/users\/2"}],"replies":[{"embeddable":true,"href":"https:\/\/www.europesays.com\/fr\/wp-json\/wp\/v2\/comments?post=584717"}],"version-history":[{"count":0,"href":"https:\/\/www.europesays.com\/fr\/wp-json\/wp\/v2\/posts\/584717\/revisions"}],"wp:featuredmedia":[{"embeddable":true,"href":"https:\/\/www.europesays.com\/fr\/wp-json\/wp\/v2\/media\/584718"}],"wp:attachment":[{"href":"https:\/\/www.europesays.com\/fr\/wp-json\/wp\/v2\/media?parent=584717"}],"wp:term":[{"taxonomy":"category","embeddable":true,"href":"https:\/\/www.europesays.com\/fr\/wp-json\/wp\/v2\/categories?post=584717"},{"taxonomy":"post_tag","embeddable":true,"href":"https:\/\/www.europesays.com\/fr\/wp-json\/wp\/v2\/tags?post=584717"}],"curies":[{"name":"wp","href":"https:\/\/api.w.org\/{rel}","templated":true}]}}