{"id":584723,"date":"2025-12-07T18:24:28","date_gmt":"2025-12-07T18:24:28","guid":{"rendered":"https:\/\/www.europesays.com\/fr\/584723\/"},"modified":"2025-12-07T18:24:28","modified_gmt":"2025-12-07T18:24:28","slug":"cinema-le-chant-des-forets-par-vincent-munier-une-ode-au-vivant","status":"publish","type":"post","link":"https:\/\/www.europesays.com\/fr\/584723\/","title":{"rendered":"Cin\u00e9ma. \u201cLe chant des for\u00eats\u201d par Vincent Munier\u00a0: une ode au vivant"},"content":{"rendered":"<p>\u00ab\u00a0Humus, humanit\u00e9, humilit\u00e9\u2026\u00a0\u00bb. Cette r\u00e8gle des \u00ab\u00a03H\u00a0\u00bb qu\u2019\u00e9voque notre photographe animalier venu promouvoir son film \u00e0 Strasbourg se d\u00e9gage de ses images, remet l\u2019homme \u00e0 sa place devant dame Nature et \u00e9pouse la lign\u00e9e des Munier\u00a0: le p\u00e8re, Michel, fin naturaliste, d\u00e9fenseur du grand t\u00e9tras et expert dans la posture de l\u2019aff\u00fbt. Comme le fils, Vincent, qui en a pris de la graine pour d\u00e9fendre avec son sens de l\u2019esth\u00e9tique, le vivant. Cela lui a valu un C\u00e9sar du meilleur film documentaire en 2022 avec  La Panth\u00e8re des neiges et cette&#8230;<\/p>\n","protected":false},"excerpt":{"rendered":"\u00ab\u00a0Humus, humanit\u00e9, humilit\u00e9\u2026\u00a0\u00bb. Cette r\u00e8gle des \u00ab\u00a03H\u00a0\u00bb qu\u2019\u00e9voque notre photographe animalier venu promouvoir son film \u00e0 Strasbourg se&hellip;\n","protected":false},"author":2,"featured_media":584724,"comment_status":"","ping_status":"","sticky":false,"template":"","format":"standard","meta":{"footnotes":""},"categories":[2820],"tags":[1111,11,2389,650,1687,2880,1777,674,107,1011,27,775,12,25,4604,640,2879],"class_list":{"0":"post-584723","1":"post","2":"type-post","3":"status-publish","4":"format-standard","5":"has-post-thumbnail","7":"category-strasbourg","8":"tag-actu","9":"tag-actualites","10":"tag-alsace","11":"tag-cinema","12":"tag-culture-loisirs","13":"tag-edition-strasbourg","14":"tag-eu","15":"tag-europe","16":"tag-fil-info","17":"tag-fr","18":"tag-france","19":"tag-grand-est","20":"tag-news","21":"tag-republique-francaise","22":"tag-selection-abonne","23":"tag-strasbourg","24":"tag-strasbourg-ville"},"share_on_mastodon":{"url":"https:\/\/pubeurope.com\/@fr\/115679688576068396","error":""},"_links":{"self":[{"href":"https:\/\/www.europesays.com\/fr\/wp-json\/wp\/v2\/posts\/584723","targetHints":{"allow":["GET"]}}],"collection":[{"href":"https:\/\/www.europesays.com\/fr\/wp-json\/wp\/v2\/posts"}],"about":[{"href":"https:\/\/www.europesays.com\/fr\/wp-json\/wp\/v2\/types\/post"}],"author":[{"embeddable":true,"href":"https:\/\/www.europesays.com\/fr\/wp-json\/wp\/v2\/users\/2"}],"replies":[{"embeddable":true,"href":"https:\/\/www.europesays.com\/fr\/wp-json\/wp\/v2\/comments?post=584723"}],"version-history":[{"count":0,"href":"https:\/\/www.europesays.com\/fr\/wp-json\/wp\/v2\/posts\/584723\/revisions"}],"wp:featuredmedia":[{"embeddable":true,"href":"https:\/\/www.europesays.com\/fr\/wp-json\/wp\/v2\/media\/584724"}],"wp:attachment":[{"href":"https:\/\/www.europesays.com\/fr\/wp-json\/wp\/v2\/media?parent=584723"}],"wp:term":[{"taxonomy":"category","embeddable":true,"href":"https:\/\/www.europesays.com\/fr\/wp-json\/wp\/v2\/categories?post=584723"},{"taxonomy":"post_tag","embeddable":true,"href":"https:\/\/www.europesays.com\/fr\/wp-json\/wp\/v2\/tags?post=584723"}],"curies":[{"name":"wp","href":"https:\/\/api.w.org\/{rel}","templated":true}]}}