{"id":584725,"date":"2025-12-07T18:25:13","date_gmt":"2025-12-07T18:25:13","guid":{"rendered":"https:\/\/www.europesays.com\/fr\/584725\/"},"modified":"2025-12-07T18:25:13","modified_gmt":"2025-12-07T18:25:13","slug":"ligue-1-quatre-pistes-pour-permettre-au-racing-club-de-strasbourg-de-sortir-de-lorniere","status":"publish","type":"post","link":"https:\/\/www.europesays.com\/fr\/584725\/","title":{"rendered":"Ligue 1. Quatre pistes pour permettre au Racing Club de Strasbourg de sortir de l\u2019orni\u00e8re"},"content":{"rendered":"<p>Il y a deux semaines \u00e0 peine, les Strasbourgeois se d\u00e9pla\u00e7aient \u00e0 Lens en esp\u00e9rant engranger une troisi\u00e8me victoire \u00e0 l\u2019ext\u00e9rieur en L1 et revenir \u00e0 hauteur des Sang et Or sur le podium. D\u00e9sormais, ce sont 12\u200apoints qui s\u00e9parent les deux Racing, ce qui dit beaucoup du d\u00e9classement et de la mauvaise dynamique dans laquelle l\u2019\u00e9quipe alsacienne est plong\u00e9e.<\/p>\n<p><a href=\"https:\/\/www.dna.fr\/sport\/2025\/12\/06\/ce-racing-file-un-mauvais-coton\" target=\"_blank\" rel=\"noopener\">Trois d\u00e9faites de suite, cinq lors des sept derni\u00e8res sorties<\/a>, c\u2019est beaucoup, m\u00eame trop pour un effectif qui ne tait pas ses hautes ambitions. Mais \u00ab\u200apas de panique\u200a\u00bb a encore exhort\u00e9 <a href=\"https:\/\/www.dna.fr\/p\/liam-rosenior\" target=\"_blank\" rel=\"noopener\">Liam Rosenior<\/a> dans les entrailles du Stadium de Toulouse. Tout en col\u00e8re rentr\u00e9e, l\u2019entra\u00eeneur n\u2019a pu que constater les manques actuels de ses prot\u00e9g\u00e9s. Et il a dress\u00e9 une liste de recommandations pour obtenir un redressement significatif.<\/p>\n<p class=\"chiffre\">2<\/p>\n<p>Apr\u00e8s son revers \u00e0 Lens sur le m\u00eame score,&#8230;<\/p>\n","protected":false},"excerpt":{"rendered":"Il y a deux semaines \u00e0 peine, les Strasbourgeois se d\u00e9pla\u00e7aient \u00e0 Lens en esp\u00e9rant engranger une troisi\u00e8me&hellip;\n","protected":false},"author":2,"featured_media":584726,"comment_status":"","ping_status":"","sticky":false,"template":"","format":"standard","meta":{"footnotes":""},"categories":[2820],"tags":[1111,11,2389,2649,1777,674,107,63,1011,27,775,12,41281,25,517,640],"class_list":{"0":"post-584725","1":"post","2":"type-post","3":"status-publish","4":"format-standard","5":"has-post-thumbnail","7":"category-strasbourg","8":"tag-actu","9":"tag-actualites","10":"tag-alsace","11":"tag-bas-rhin","12":"tag-eu","13":"tag-europe","14":"tag-fil-info","15":"tag-football","16":"tag-fr","17":"tag-france","18":"tag-grand-est","19":"tag-news","20":"tag-racing-club-strasbourg-masculin","21":"tag-republique-francaise","22":"tag-sport","23":"tag-strasbourg"},"share_on_mastodon":{"url":"https:\/\/pubeurope.com\/@fr\/115679692630113314","error":""},"_links":{"self":[{"href":"https:\/\/www.europesays.com\/fr\/wp-json\/wp\/v2\/posts\/584725","targetHints":{"allow":["GET"]}}],"collection":[{"href":"https:\/\/www.europesays.com\/fr\/wp-json\/wp\/v2\/posts"}],"about":[{"href":"https:\/\/www.europesays.com\/fr\/wp-json\/wp\/v2\/types\/post"}],"author":[{"embeddable":true,"href":"https:\/\/www.europesays.com\/fr\/wp-json\/wp\/v2\/users\/2"}],"replies":[{"embeddable":true,"href":"https:\/\/www.europesays.com\/fr\/wp-json\/wp\/v2\/comments?post=584725"}],"version-history":[{"count":0,"href":"https:\/\/www.europesays.com\/fr\/wp-json\/wp\/v2\/posts\/584725\/revisions"}],"wp:featuredmedia":[{"embeddable":true,"href":"https:\/\/www.europesays.com\/fr\/wp-json\/wp\/v2\/media\/584726"}],"wp:attachment":[{"href":"https:\/\/www.europesays.com\/fr\/wp-json\/wp\/v2\/media?parent=584725"}],"wp:term":[{"taxonomy":"category","embeddable":true,"href":"https:\/\/www.europesays.com\/fr\/wp-json\/wp\/v2\/categories?post=584725"},{"taxonomy":"post_tag","embeddable":true,"href":"https:\/\/www.europesays.com\/fr\/wp-json\/wp\/v2\/tags?post=584725"}],"curies":[{"name":"wp","href":"https:\/\/api.w.org\/{rel}","templated":true}]}}