{"id":584731,"date":"2025-12-07T18:28:43","date_gmt":"2025-12-07T18:28:43","guid":{"rendered":"https:\/\/www.europesays.com\/fr\/584731\/"},"modified":"2025-12-07T18:28:43","modified_gmt":"2025-12-07T18:28:43","slug":"un-incendie-fait-quatre-blesses-legers-dans-lagglomeration-nantaise-2","status":"publish","type":"post","link":"https:\/\/www.europesays.com\/fr\/584731\/","title":{"rendered":"Un incendie fait quatre bless\u00e9s l\u00e9gers dans l\u2019agglom\u00e9ration nantaise"},"content":{"rendered":"<p>Les pompiers sont intervenus pour un incendie qui s\u2019est d\u00e9clar\u00e9 peu avant 14 heures, ce vendredi 5\u00a0d\u00e9cembre 2025, dans un appartement d\u2019une soixantaine de m\u00e8tres carr\u00e9s d\u2019un immeuble de la rue de Dax, \u00e0 Saint-Herblain. \u00c0 leur arriv\u00e9e, la fum\u00e9e s\u2019\u00e9tait propag\u00e9e dans plusieurs \u00e9tages du collectif. Deux lances \u00e0 incendie ont \u00e9t\u00e9 d\u00e9ploy\u00e9es pour venir \u00e0 bout des flammes, selon le Centre op\u00e9rationnel d\u00e9partemental d\u2019incendie et de secours de Loire-Atlantique (Codis 44).<\/p>\n<p>Une quinzaine de personnes confin\u00e9es<\/p>\n<p>Les secours ont recens\u00e9 dix-neuf\u00a0personnes pr\u00e9sentes dans le b\u00e2timent, dont quinze\u00a0ont \u00e9t\u00e9 confin\u00e9es dans leur logement le temps de l\u2019intervention. Quatre personnes ont \u00e9t\u00e9 prises en charge, l\u00e9g\u00e8rement bless\u00e9es. L\u2019une d\u2019elles a n\u00e9cessit\u00e9 d\u2019\u00eatre transport\u00e9 au CHU de Nantes. Neuf v\u00e9hicules et vingt-sept\u00a0pompiers ont \u00e9t\u00e9 n\u00e9cessaires \u00e0 cette\u00a0op\u00e9ration.<\/p>\n<p>\u00a0<\/p>\n","protected":false},"excerpt":{"rendered":"Les pompiers sont intervenus pour un incendie qui s\u2019est d\u00e9clar\u00e9 peu avant 14 heures, ce vendredi 5\u00a0d\u00e9cembre 2025,&hellip;\n","protected":false},"author":2,"featured_media":581282,"comment_status":"","ping_status":"","sticky":false,"template":"","format":"standard","meta":{"footnotes":""},"categories":[2818],"tags":[1111,11,38929,4901,1777,674,21,1011,27,1310,12091,7127,766,12,2636,25],"class_list":{"0":"post-584731","1":"post","2":"type-post","3":"status-publish","4":"format-standard","5":"has-post-thumbnail","7":"category-nantes","8":"tag-actu","9":"tag-actualites","10":"tag-agglomeration","11":"tag-blesses","12":"tag-eu","13":"tag-europe","14":"tag-fait","15":"tag-fr","16":"tag-france","17":"tag-incendie","18":"tag-legers","19":"tag-nantaise","20":"tag-nantes","21":"tag-news","22":"tag-pays-de-la-loire","23":"tag-republique-francaise"},"share_on_mastodon":{"url":"https:\/\/pubeurope.com\/@fr\/115679704159366711","error":""},"_links":{"self":[{"href":"https:\/\/www.europesays.com\/fr\/wp-json\/wp\/v2\/posts\/584731","targetHints":{"allow":["GET"]}}],"collection":[{"href":"https:\/\/www.europesays.com\/fr\/wp-json\/wp\/v2\/posts"}],"about":[{"href":"https:\/\/www.europesays.com\/fr\/wp-json\/wp\/v2\/types\/post"}],"author":[{"embeddable":true,"href":"https:\/\/www.europesays.com\/fr\/wp-json\/wp\/v2\/users\/2"}],"replies":[{"embeddable":true,"href":"https:\/\/www.europesays.com\/fr\/wp-json\/wp\/v2\/comments?post=584731"}],"version-history":[{"count":0,"href":"https:\/\/www.europesays.com\/fr\/wp-json\/wp\/v2\/posts\/584731\/revisions"}],"wp:featuredmedia":[{"embeddable":true,"href":"https:\/\/www.europesays.com\/fr\/wp-json\/wp\/v2\/media\/581282"}],"wp:attachment":[{"href":"https:\/\/www.europesays.com\/fr\/wp-json\/wp\/v2\/media?parent=584731"}],"wp:term":[{"taxonomy":"category","embeddable":true,"href":"https:\/\/www.europesays.com\/fr\/wp-json\/wp\/v2\/categories?post=584731"},{"taxonomy":"post_tag","embeddable":true,"href":"https:\/\/www.europesays.com\/fr\/wp-json\/wp\/v2\/tags?post=584731"}],"curies":[{"name":"wp","href":"https:\/\/api.w.org\/{rel}","templated":true}]}}