{"id":584738,"date":"2025-12-07T18:32:10","date_gmt":"2025-12-07T18:32:10","guid":{"rendered":"https:\/\/www.europesays.com\/fr\/584738\/"},"modified":"2025-12-07T18:32:10","modified_gmt":"2025-12-07T18:32:10","slug":"la-prefecture-de-haute-garonne-fait-le-point-sur-la-rehabilitation-du-site-des-ballastieres","status":"publish","type":"post","link":"https:\/\/www.europesays.com\/fr\/584738\/","title":{"rendered":"La pr\u00e9fecture de Haute-Garonne fait le point sur la r\u00e9habilitation du site des Ballasti\u00e8res"},"content":{"rendered":"<p>Le mardi 2\u00a0d\u00e9cembre 2025, Pierre-Andr\u00e9 Durand, pr\u00e9fet de la r\u00e9gion Occitanie, pr\u00e9fet de la Haute-Garonne, a tenu la sixi\u00e8me r\u00e9union du comit\u00e9 de suivi d\u00e9di\u00e9 au projet de r\u00e9habilitation des berges Ballasti\u00e8res de Toulouse, en pr\u00e9sence de Fran\u00e7ois Chollet, vice-pr\u00e9sident de Toulouse M\u00e9tropole en charge de l\u2019environnement.<\/p>\n<p>L\u2019objectif \u00e9tait de faire un point d\u2019\u00e9tape sur le projet de r\u00e9habilitation du site des Ballasti\u00e8res, lanc\u00e9e en 2021. Cette op\u00e9ration complexe vise, \u00e0 terme, \u00e0 \u00e9vacuer, en toute s\u00e9curit\u00e9, la nitrocellulose du site\u00a0[<a href=\"#nb1\" class=\"spip_note\" rel=\"appendix\" title=\"Dans ces lacs situ\u00e9s en bordure de Garonne sont enfouies, depuis les ann\u00e9es\u00a0(\u2026)\" id=\"nh1\">1<\/a>] tout en pr\u00e9servant la richesse de sa faune et de sa flore. Selon la pr\u00e9fecture, \u00ab\u00a0les poudres pr\u00e9sentes n\u2019explosent pas \u00e0 l\u2019air libre et sont sans risque pour les riverains comme pour l\u2019environnement\u00a0\u00bb. La nitrocellulose ne serait pas un polluant chimique et ne serait pas soluble dans l\u2019eau.<\/p>\n<p>Des \u00e9tudes naturalistes (enjeux piscicoles, \u00e9tudes de fonctionnalit\u00e9s des zones humides, inventaires des esp\u00e8ces exotiques envahissantes\u2026) ont \u00e9t\u00e9 lanc\u00e9es afin de disposer d\u2019un \u00e9tat des lieux r\u00e9cent exhaustif. En parall\u00e8le, a \u00e9t\u00e9 lanc\u00e9e une \u00e9tude devant permettre de pleinement caract\u00e9riser le fonctionnement hydrog\u00e9ologique du site. La phase de contractualisation des travaux de r\u00e9habilitation a d\u00e9but\u00e9 au premier trimestre 2025. Elle se poursuivra sur l\u2019ann\u00e9e 2026 \u00e0 travers l\u2019analyse des offres et l\u2019audition des candidats afin de s\u00e9lectionner la meilleure solution technique r\u00e9pondant aux enjeux de pr\u00e9servation de l\u2019environnement. Elle sera suivie des n\u00e9cessaires d\u00e9marches administratives pr\u00e9alables aux premi\u00e8res actions sur site.<\/p>\n<p>Notes<\/p>\n<p>[<a href=\"#nh1\" class=\"spip_note\" title=\"Notes 1\" rev=\"appendix\">1<\/a>]\u00a0Dans ces lacs situ\u00e9s en bordure de Garonne sont enfouies, depuis les ann\u00e9es 1920, plus de 4200 tonnes de nitrocellulose, un produit explosif utilis\u00e9 autrefois pour produire les obus durant la Premi\u00e8re Guerre mondiale.<\/p>\n","protected":false},"excerpt":{"rendered":"Le mardi 2\u00a0d\u00e9cembre 2025, Pierre-Andr\u00e9 Durand, pr\u00e9fet de la r\u00e9gion Occitanie, pr\u00e9fet de la Haute-Garonne, a tenu la&hellip;\n","protected":false},"author":2,"featured_media":584739,"comment_status":"","ping_status":"","sticky":false,"template":"","format":"standard","meta":{"footnotes":""},"categories":[2816],"tags":[1111,11,436,1777,674,1011,27,12,2680,35578,25,656,2312],"class_list":{"0":"post-584738","1":"post","2":"type-post","3":"status-publish","4":"format-standard","5":"has-post-thumbnail","7":"category-toulouse","8":"tag-actu","9":"tag-actualites","10":"tag-environnement","11":"tag-eu","12":"tag-europe","13":"tag-fr","14":"tag-france","15":"tag-news","16":"tag-occitanie","17":"tag-prefecture-de-haute-garonne-et-occitanie","18":"tag-republique-francaise","19":"tag-securite","20":"tag-toulouse"},"share_on_mastodon":{"url":"https:\/\/pubeurope.com\/@fr\/115679719940864164","error":""},"_links":{"self":[{"href":"https:\/\/www.europesays.com\/fr\/wp-json\/wp\/v2\/posts\/584738","targetHints":{"allow":["GET"]}}],"collection":[{"href":"https:\/\/www.europesays.com\/fr\/wp-json\/wp\/v2\/posts"}],"about":[{"href":"https:\/\/www.europesays.com\/fr\/wp-json\/wp\/v2\/types\/post"}],"author":[{"embeddable":true,"href":"https:\/\/www.europesays.com\/fr\/wp-json\/wp\/v2\/users\/2"}],"replies":[{"embeddable":true,"href":"https:\/\/www.europesays.com\/fr\/wp-json\/wp\/v2\/comments?post=584738"}],"version-history":[{"count":0,"href":"https:\/\/www.europesays.com\/fr\/wp-json\/wp\/v2\/posts\/584738\/revisions"}],"wp:featuredmedia":[{"embeddable":true,"href":"https:\/\/www.europesays.com\/fr\/wp-json\/wp\/v2\/media\/584739"}],"wp:attachment":[{"href":"https:\/\/www.europesays.com\/fr\/wp-json\/wp\/v2\/media?parent=584738"}],"wp:term":[{"taxonomy":"category","embeddable":true,"href":"https:\/\/www.europesays.com\/fr\/wp-json\/wp\/v2\/categories?post=584738"},{"taxonomy":"post_tag","embeddable":true,"href":"https:\/\/www.europesays.com\/fr\/wp-json\/wp\/v2\/tags?post=584738"}],"curies":[{"name":"wp","href":"https:\/\/api.w.org\/{rel}","templated":true}]}}