{"id":584740,"date":"2025-12-07T18:33:10","date_gmt":"2025-12-07T18:33:10","guid":{"rendered":"https:\/\/www.europesays.com\/fr\/584740\/"},"modified":"2025-12-07T18:33:10","modified_gmt":"2025-12-07T18:33:10","slug":"toulouse-previsions-meteo-du-dimanche-07-decembre-2025","status":"publish","type":"post","link":"https:\/\/www.europesays.com\/fr\/584740\/","title":{"rendered":"Toulouse : pr\u00e9visions m\u00e9t\u00e9o du dimanche 07 d\u00e9cembre 2025"},"content":{"rendered":"<p>\u00c0 Toulouse, ce dimanche 07 d\u00e9cembre 2025, la journ\u00e9e d\u00e9bute sous un ciel tr\u00e8s nuageux avec une douceur notable. La temp\u00e9rature atteint pr\u00e8s de 18 \u00b0C l\u2019apr\u00e8s-midi, avant une soir\u00e9e ponctu\u00e9e d\u2019\u00e9claircies.<\/p>\n<p>    Matin : grisaille tenace au r\u00e9veil<\/p>\n<p>Alors que le soleil se l\u00e8ve \u00e0 08 h 14, Toulouse s\u2019\u00e9veille sous un ciel <b>tr\u00e8s nuageux<\/b>. Aucun rayon ne parvient \u00e0 percer la couverture grise, offrant une ambiance plut\u00f4t sombre en ce 7 d\u00e9cembre.<\/p>\n<p>\u00c0 09 h, le thermom\u00e8tre affiche <b>11 \u00b0C<\/b>, avec un ressenti de 10 \u00b0C. L\u2019humidit\u00e9 atteint 92 %, t\u00e9moignant d\u2019un air satur\u00e9. Un l\u00e9ger souffle de Sud-Sud-Ouest \u00e0 5 km\/h accompagne la matin\u00e9e, sans v\u00e9ritable fra\u00eecheur suppl\u00e9mentaire.<\/p>\n<p>Le risque d\u2019averse reste faible (23 %), et les quantit\u00e9s attendues sont insignifiantes. Les d\u00e9placements \u00e0 pied ou \u00e0 v\u00e9lo peuvent donc se faire sans crainte de forte pluie, mais il reste prudent de garder un parapluie compact \u00e0 port\u00e9e de main.<\/p>\n<p>Apr\u00e8s-midi : douceur remarquable, toujours sous la couverture<\/p>\n<p>Malgr\u00e9 la persistance des nuages, la temp\u00e9rature grimpe progressivement. Vers 15 h, <b>18 \u00b0C<\/b> sont attendus, des valeurs presque printani\u00e8res pour la Haute-Garonne en ce d\u00e9but d\u00e9cembre.<\/p>\n<p>Le ressenti reste identique \u00e0 la temp\u00e9rature r\u00e9elle, la baisse de l\u2019humidit\u00e9 \u00e0 69 % y contribuant. La pression demeure stable \u00e0 1018 hPa. Un vent d\u2019Est tr\u00e8s discret, 5 km\/h, passe inaper\u00e7u.<\/p>\n<p>Cette douceur inattendue profitera notamment aux commer\u00e7ants du centre-ville : terrasses encore ouvertes et march\u00e9s de No\u00ebl agr\u00e9ables. Cependant, le ciel couvert limite l\u2019ensoleillement et la luminosit\u00e9, notamment sur les routes.<\/p>\n<ul>\n<li><b>Maxi du jour<\/b> : 18 \u00b0C.<\/li>\n<li>Risque de pluie global : 8 %, n\u00e9gligeable.<\/li>\n<li>Vent faible, direction variable au fil des heures.<\/li>\n<\/ul>\n<p>Pour suivre l\u2019\u00e9volution heure par heure, consultez <a href=\"https:\/\/www.meteocity.com\/france\/toulouse-v2972315\" target=\"_blank\" rel=\"noopener\">notre page d\u00e9di\u00e9e<\/a>.<\/p>\n<p>Soir : \u00e9claircies timides avant la nuit<\/p>\n<p>Le soleil se couche \u00e0 17 h 17, moment o\u00f9 les premi\u00e8res \u00e9claircies percent enfin. \u00c0 21 h, le ciel se fait \u00ab l\u00e9g\u00e8rement nuageux \u00bb, laissant parfois appara\u00eetre la Lune et quelques constellations.<\/p>\n<p>La temp\u00e9rature redescend \u00e0 <b>12 \u00b0C<\/b>, dans une atmosph\u00e8re quasi immobile : vent Nord-Nord-Ouest \u00e0 1 km\/h. L\u2019humidit\u00e9 grimpe \u00e0 96 %, favorisant l\u2019apparition de nappes de brouillard localis\u00e9es en fin de soir\u00e9e.<\/p>\n<p>Les routes p\u00e9riurbaines pourraient devenir glissantes sous l\u2019effet de la condensation. Conducteurs de deux-roues, restons vigilants et adaptons notre vitesse \u00e0 la visibilit\u00e9 r\u00e9duite.<\/p>\n<p>Tendance g\u00e9n\u00e9rale pour demain : brouillard puis clart\u00e9 modeste<\/p>\n<p>La nuit suivante s\u2019annonce sous un ciel variable avec 12 \u00b0C, balay\u00e9 par une brise de Sud-Est \u00e0 12 km\/h. Aucun \u00e9pisode pluvieux n\u2019est attendu.<\/p>\n<p>Lundi 8 d\u00e9cembre d\u00e9butera dans la brume : minimum <b>6 \u00b0C<\/b>, ressenti 4 \u00b0C, sous un brouillard dense. Ce voile se dissipera lentement, laissant place \u00e0 des \u00e9claircies diffuses l\u2019apr\u00e8s-midi et une maximale de <b>16 \u00b0C<\/b>.<\/p>\n<p>Le vent pourra atteindre 15 km\/h, toujours de secteur Sud-Est, sans rafales marquantes. Aucun cumul de pluie significatif n\u2019est pr\u00e9vu. Une bonne nouvelle pour les d\u00e9placements domicile-travail et les march\u00e9s de fin d\u2019ann\u00e9e.<\/p>\n<p>Envie d\u2019id\u00e9es sorties m\u00eame par temps couvert ? Jetez un \u0153il \u00e0 <a href=\"https:\/\/www.meteocity.com\/france\/toulouse-v2972315\/tourisme\" target=\"_blank\" rel=\"noopener\">notre page tourisme<\/a>.<\/p>\n","protected":false},"excerpt":{"rendered":"\u00c0 Toulouse, ce dimanche 07 d\u00e9cembre 2025, la journ\u00e9e d\u00e9bute sous un ciel tr\u00e8s nuageux avec une douceur&hellip;\n","protected":false},"author":2,"featured_media":584741,"comment_status":"","ping_status":"","sticky":false,"template":"","format":"standard","meta":{"footnotes":""},"categories":[2816],"tags":[1111,11,1777,674,1011,27,12,2680,25,2312],"class_list":{"0":"post-584740","1":"post","2":"type-post","3":"status-publish","4":"format-standard","5":"has-post-thumbnail","7":"category-toulouse","8":"tag-actu","9":"tag-actualites","10":"tag-eu","11":"tag-europe","12":"tag-fr","13":"tag-france","14":"tag-news","15":"tag-occitanie","16":"tag-republique-francaise","17":"tag-toulouse"},"share_on_mastodon":{"url":"https:\/\/pubeurope.com\/@fr\/115679723864980193","error":""},"_links":{"self":[{"href":"https:\/\/www.europesays.com\/fr\/wp-json\/wp\/v2\/posts\/584740","targetHints":{"allow":["GET"]}}],"collection":[{"href":"https:\/\/www.europesays.com\/fr\/wp-json\/wp\/v2\/posts"}],"about":[{"href":"https:\/\/www.europesays.com\/fr\/wp-json\/wp\/v2\/types\/post"}],"author":[{"embeddable":true,"href":"https:\/\/www.europesays.com\/fr\/wp-json\/wp\/v2\/users\/2"}],"replies":[{"embeddable":true,"href":"https:\/\/www.europesays.com\/fr\/wp-json\/wp\/v2\/comments?post=584740"}],"version-history":[{"count":0,"href":"https:\/\/www.europesays.com\/fr\/wp-json\/wp\/v2\/posts\/584740\/revisions"}],"wp:featuredmedia":[{"embeddable":true,"href":"https:\/\/www.europesays.com\/fr\/wp-json\/wp\/v2\/media\/584741"}],"wp:attachment":[{"href":"https:\/\/www.europesays.com\/fr\/wp-json\/wp\/v2\/media?parent=584740"}],"wp:term":[{"taxonomy":"category","embeddable":true,"href":"https:\/\/www.europesays.com\/fr\/wp-json\/wp\/v2\/categories?post=584740"},{"taxonomy":"post_tag","embeddable":true,"href":"https:\/\/www.europesays.com\/fr\/wp-json\/wp\/v2\/tags?post=584740"}],"curies":[{"name":"wp","href":"https:\/\/api.w.org\/{rel}","templated":true}]}}