{"id":584742,"date":"2025-12-07T18:34:14","date_gmt":"2025-12-07T18:34:14","guid":{"rendered":"https:\/\/www.europesays.com\/fr\/584742\/"},"modified":"2025-12-07T18:34:14","modified_gmt":"2025-12-07T18:34:14","slug":"noel-a-moulins-du-10-au-23-decembre-2025","status":"publish","type":"post","link":"https:\/\/www.europesays.com\/fr\/584742\/","title":{"rendered":"No\u00ebl \u00e0 Moulins du 10 au 23 d\u00e9cembre 2025"},"content":{"rendered":"<p>De <strong>nombreuses animations<\/strong> vous sont propos\u00e9es du<strong> 10 au 23 d\u00e9cembre 2025 <\/strong>dans le<strong> quartier de Moulins.<\/strong><\/p>\n<p style=\"text-align: justify;\">Au programme<br \/><strong>No\u00ebl est dans la place \u2013 Mercredi 10 d\u00e9cembre 2025 de 14h \u00e0 18h<\/strong><br \/><strong><b><img loading=\"lazy\" decoding=\"async\" class=\"size-full wp-image-45 tie-appear\" src=\"https:\/\/www.europesays.com\/fr\/wp-content\/uploads\/2025\/12\/arrow.png\" alt=\"\" width=\"9\" height=\"9\"\/><\/b> Place Vanhoenacker<\/strong><br \/>F\u00eate et march\u00e9 de No\u00ebl sur l\u2019espace public. Toute l\u2019apr\u00e8s-midi, profitez des nombreuses animations (spectacle, man\u00e8ges, maquillage, etc\u2026).<\/p>\n<p style=\"text-align: justify;\"><strong>F\u00eate des Lumi\u00e8res \u2013 Vendredi 12 d\u00e9cembre 2025 \u00e0 17h <\/strong><br \/><strong><b><img loading=\"lazy\" decoding=\"async\" class=\"size-full wp-image-45 tie-appear\" src=\"https:\/\/www.europesays.com\/fr\/wp-content\/uploads\/2025\/12\/arrow.png\" alt=\"\" width=\"9\" height=\"9\"\/><\/b> 50, boulevard de Strasbourg<\/strong><br \/>F\u00eate nocturne et f\u00e9\u00e9rique organis\u00e9e par le Centre social Marcel Bertrand.<br \/>Au programme : chocolat chaud, d\u00e9gustation de soupe activit\u00e9s diverses et karaok\u00e9.<\/p>\n<p style=\"text-align: justify;\"><strong>Spectacle de No\u00ebl<\/strong><strong> \u2013 Samedi 13 d\u00e9cembre 2025 de 14h \u00e0 17h30<\/strong> <br \/><strong><b><img loading=\"lazy\" decoding=\"async\" class=\"size-full wp-image-45 tie-appear\" src=\"https:\/\/www.europesays.com\/fr\/wp-content\/uploads\/2025\/12\/arrow.png\" alt=\"\" width=\"9\" height=\"9\"\/><\/b> Maison de quartier les moulins \u2013 1, rue Armand Carrel<\/strong><br \/><strong><strong><b><img loading=\"lazy\" decoding=\"async\" class=\"size-full wp-image-45 tie-appear\" src=\"https:\/\/www.europesays.com\/fr\/wp-content\/uploads\/2025\/12\/arrow.png\" alt=\"\" width=\"9\" height=\"9\"\/><\/b> <\/strong>Infos pratiques : <\/strong>ouvert aux adh\u00e9rents \/ adh\u00e9sion \u00e0 l\u2019ann\u00e9e : 5\u20ac<\/p>\n<p style=\"text-align: justify;\"><strong>Fais tes cadeaux \u2013 Dimanche 14 d\u00e9cembre 2025 \u00e0 14h<\/strong><br \/><strong><b><img loading=\"lazy\" decoding=\"async\" class=\"size-full wp-image-45 tie-appear\" src=\"https:\/\/www.europesays.com\/fr\/wp-content\/uploads\/2025\/12\/arrow.png\" alt=\"\" width=\"9\" height=\"9\"\/><\/b> Maison Folie Moulins \u2013 47, rue d\u2019Arras\u00a0<\/strong><br \/><strong><strong><b><img loading=\"lazy\" decoding=\"async\" class=\"size-full wp-image-45 tie-appear\" src=\"https:\/\/www.europesays.com\/fr\/wp-content\/uploads\/2025\/12\/arrow.png\" alt=\"\" width=\"9\" height=\"9\"\/><\/b> <\/strong>Infos pratiques : <\/strong>03 20 95 08 82 ou mfmoulins@mairie-lille.fr<br \/>\u00c0 l\u2019approche des f\u00eates de fin d\u2019ann\u00e9e, la maison Folie moulins vous propose une journ\u00e9e \u00e0 partager ensemble o\u00f9 vous pourrez cr\u00e9er vos cadeaux propres ! Artistes de la r\u00e9gion et intervenants de la Micro-Folie (mus\u00e9e num\u00e9riques &amp; mini-lab) vous attendent pour vous transmettre leur savoir-faire lors d\u2019ateliers \u00e0 vivre en famille. Petits &amp; grands, venez r\u00e9aliser des cadeaux faits mains, recycl\u00e9s, recyclables mais surtout uniques !<\/p>\n<p style=\"text-align: justify;\"><strong>Mini bal \u00ab\u00a0Halayi\u00a0\u00bb par la Cie du Tire-Laine \u2013 Mercredi 10 d\u00e9cembre 2025 \u00e0 20h<\/strong><br \/><strong><b><img loading=\"lazy\" decoding=\"async\" class=\"size-full wp-image-45 tie-appear\" src=\"https:\/\/www.europesays.com\/fr\/wp-content\/uploads\/2025\/12\/arrow.png\" alt=\"\" width=\"9\" height=\"9\"\/><\/b> Maison Folie Moulins \u2013 47, rue d\u2019Arras<\/strong><br \/><strong><strong><b><img loading=\"lazy\" decoding=\"async\" class=\"size-full wp-image-45 tie-appear\" src=\"https:\/\/www.europesays.com\/fr\/wp-content\/uploads\/2025\/12\/arrow.png\" alt=\"\" width=\"9\" height=\"9\"\/> <\/b><\/strong>Infos pratiques : <\/strong>03 20 95 08 82 ou mfmoulins@mairie-lille.fr<br \/>Le Mini-Bal \u00ab Halayi ! \u00bb prend sa source en Anatolie, et se balade en M\u00e9sopotamie, va jusqu\u2019au N\u00e9pal pour un Bollywood dans la montagne, saute sur le continent Sud-Am\u00e9ricain pour faire revivre des danses am\u00e9rindiennes et des ranchs argentins, fait escale en Italie pour une pizzica, en Roumanie pour une hora, ou encore dans le centre de la France pour une bourr\u00e9e \u00e0 3 temps\u2026 On va voyager, \u00e7a va chanter en turc, en espagnol, en n\u00e9palais, en grec, en kurde. Tous les morceaux du bal sont des danses, en ligne, en cercle, collectives ou en couple, et on vous guide sur la piste !<\/p>\n<p style=\"text-align: justify;\"><strong>Spectacle \u00ab\u00a0La derni\u00e8re repr\u00e9sentation th\u00e9\u00e2trale\u00a0\u00bb par la Cie Par-dessus bord \u2013 Jeudi 11 d\u00e9cembre 2025 \u00e0 19h30\u00a0<\/strong> <br \/><strong><b><img loading=\"lazy\" decoding=\"async\" class=\"size-full wp-image-45 tie-appear\" src=\"https:\/\/www.europesays.com\/fr\/wp-content\/uploads\/2025\/12\/arrow.png\" alt=\"\" width=\"9\" height=\"9\"\/><\/b> Maison Folie Moulins \u2013 47, rue d\u2019Arras <\/strong><br \/><strong><strong><b><img loading=\"lazy\" decoding=\"async\" class=\"size-full wp-image-45 tie-appear\" src=\"https:\/\/www.europesays.com\/fr\/wp-content\/uploads\/2025\/12\/arrow.png\" alt=\"\" width=\"9\" height=\"9\"\/><\/b>\u00a0<\/strong>Infos pratiques : <\/strong>5\u20ac\/3\u20ac \u2013 gratuit pour les moins de 12 ans \u2013 Inscription &gt;&gt;&gt; <a href=\"https:\/\/www.vivaticket.com\/fr\/ticket\/la-derniere-representation-theatrale\/1200\" target=\"_blank\" rel=\"noreferrer noopener\">cliquez ici !!!<\/a><br \/>Plus de th\u00e9\u00e2tre. Plus de spectateurs. Que reste-t-il de l\u2019art vivant ? Deux historiennes interrogent avec humour notre rapport \u00e0 la sc\u00e8ne et \u00e0 ce qui nous relie en tant que public.<\/p>\n<p style=\"text-align: justify;\"><strong>Stand F\u00eate Foraine \u2013 Mardi 22 &amp; mercredi 23 d\u00e9cembre 2025 de 14h \u00e0 18h<\/strong><br \/><strong><b><img loading=\"lazy\" decoding=\"async\" class=\"size-full wp-image-45 tie-appear\" src=\"https:\/\/www.europesays.com\/fr\/wp-content\/uploads\/2025\/12\/arrow.png\" alt=\"\" width=\"9\" height=\"9\"\/><\/b> Atelier Galerie Bleu, 26 rue Georges Clemenceau<\/strong><br \/><strong><strong><b><img loading=\"lazy\" decoding=\"async\" class=\"size-full wp-image-45 tie-appear\" src=\"https:\/\/www.europesays.com\/fr\/wp-content\/uploads\/2025\/12\/arrow.png\" alt=\"\" width=\"9\" height=\"9\"\/><\/b> <\/strong>Inscription : <\/strong>09 83 861 675 ou 06 35 45 91 77 <br \/>Stage tout public organis\u00e9 par l\u2019atelier galerie bleu. Laissez-vous porter par le hasard et la curiosit\u00e9 pendant ces deux jours d\u2019ateliers aux airs de f\u00eate foraine. D\u00e9ambulez entre les stands pour jouer, fabriquer, d\u00e9couvrir, s\u2019\u00e9merveiller et surtout se faire plaisir.<\/p>\n<p><strong><img loading=\"lazy\" decoding=\"async\" width=\"9\" height=\"9\" class=\"tie-appear\" src=\"https:\/\/www.europesays.com\/fr\/wp-content\/uploads\/2025\/04\/arrow.png\" alt=\"\"\/> <\/strong><a href=\"https:\/\/www.zoomsurlille.fr\/tag\/noel-2025\" target=\"_blank\" rel=\"noreferrer noopener\">D\u00e9couvrez nos articles No\u00ebl 2025<\/a><\/p>\n<p class=\"has-text-align-right\">Source &amp; image : DR \u2013 \u00a9 Ville de Lille<\/p>\n","protected":false},"excerpt":{"rendered":"De nombreuses animations vous sont propos\u00e9es du 10 au 23 d\u00e9cembre 2025 dans le quartier de Moulins. Au&hellip;\n","protected":false},"author":2,"featured_media":547583,"comment_status":"","ping_status":"","sticky":false,"template":"","format":"standard","meta":{"footnotes":""},"categories":[2815],"tags":[1111,11,1777,674,1011,27,811,1307,56527,12,65896,69812,25],"class_list":{"0":"post-584742","1":"post","2":"type-post","3":"status-publish","4":"format-standard","5":"has-post-thumbnail","7":"category-lille","8":"tag-actu","9":"tag-actualites","10":"tag-eu","11":"tag-europe","12":"tag-fr","13":"tag-france","14":"tag-hauts-de-france","15":"tag-lille","16":"tag-moulins","17":"tag-news","18":"tag-noel-2025","19":"tag-noel-a-moulins","20":"tag-republique-francaise"},"share_on_mastodon":{"url":"https:\/\/pubeurope.com\/@fr\/115679730192709192","error":""},"_links":{"self":[{"href":"https:\/\/www.europesays.com\/fr\/wp-json\/wp\/v2\/posts\/584742","targetHints":{"allow":["GET"]}}],"collection":[{"href":"https:\/\/www.europesays.com\/fr\/wp-json\/wp\/v2\/posts"}],"about":[{"href":"https:\/\/www.europesays.com\/fr\/wp-json\/wp\/v2\/types\/post"}],"author":[{"embeddable":true,"href":"https:\/\/www.europesays.com\/fr\/wp-json\/wp\/v2\/users\/2"}],"replies":[{"embeddable":true,"href":"https:\/\/www.europesays.com\/fr\/wp-json\/wp\/v2\/comments?post=584742"}],"version-history":[{"count":0,"href":"https:\/\/www.europesays.com\/fr\/wp-json\/wp\/v2\/posts\/584742\/revisions"}],"wp:featuredmedia":[{"embeddable":true,"href":"https:\/\/www.europesays.com\/fr\/wp-json\/wp\/v2\/media\/547583"}],"wp:attachment":[{"href":"https:\/\/www.europesays.com\/fr\/wp-json\/wp\/v2\/media?parent=584742"}],"wp:term":[{"taxonomy":"category","embeddable":true,"href":"https:\/\/www.europesays.com\/fr\/wp-json\/wp\/v2\/categories?post=584742"},{"taxonomy":"post_tag","embeddable":true,"href":"https:\/\/www.europesays.com\/fr\/wp-json\/wp\/v2\/tags?post=584742"}],"curies":[{"name":"wp","href":"https:\/\/api.w.org\/{rel}","templated":true}]}}