{"id":584754,"date":"2025-12-07T18:43:10","date_gmt":"2025-12-07T18:43:10","guid":{"rendered":"https:\/\/www.europesays.com\/fr\/584754\/"},"modified":"2025-12-07T18:43:10","modified_gmt":"2025-12-07T18:43:10","slug":"une-femme-interpellee-pour-avoir-frappe-violemment-son-fils-de-6-ans-dans-le-tgv","status":"publish","type":"post","link":"https:\/\/www.europesays.com\/fr\/584754\/","title":{"rendered":"Une femme interpell\u00e9e pour avoir frapp\u00e9 violemment son fils de 6 ans dans le TGV"},"content":{"rendered":"<p class=\"paragraph text_align_left lp-f-body-02\">Elle aurait agi sous les yeux m\u00e9dus\u00e9s des autres voyageurs. Selon nos informations, une femme soup\u00e7onn\u00e9e d\u2019avoir commis des violences contre son fils de 6 ans dans le TGV a \u00e9t\u00e9 interpell\u00e9e en <a href=\"https:\/\/www.leparisien.fr\/seine-et-marne-77\/gare-tgv-de-marne-la-vallee-chessy-une-toursite-depouillee-de-8-000-euros-par-une-pickpocket-de-11-ans-15-04-2023-Z6PCQQFMFFAXXA7BZYQ427EQMM.php\" target=\"_blank\" rel=\"noreferrer noopener\">gare de Marne-la-Vall\u00e9e-Chessy<\/a> (Seine-et-Marne) samedi en d\u00e9but de soir\u00e9e.<\/p>\n<p class=\"paragraph text_align_left lp-f-body-02\">Contact\u00e9, le parquet de Meaux indique ce dimanche que la suspecte, \u00e2g\u00e9e de 42 ans, a \u00e9t\u00e9 plac\u00e9e en garde \u00e0 vue par les policiers du commissariat de Lagny-sur-Marne pour des faits de \u00ab violences volontaires par ascendant sur mineur de 15 ans \u00bb.<\/p>\n<p class=\"paragraph text_align_left lp-f-body-02\">Les faits se sont produits en fin d\u2019apr\u00e8s-midi \u00e0 bord d\u2019un TGV qui circulait entre Lille (Nord), o\u00f9 vivent la quadrag\u00e9naire et l\u2019enfant, et N\u00eemes (Gard). D\u2019apr\u00e8s les t\u00e9moignages de plusieurs voyageurs qui se trouvaient dans la rame, cette femme se serait mise en col\u00e8re apr\u00e8s que son fils venait de renverser une boisson.<\/p>\n<p>Plusieurs signalements des voyageurs<\/p>\n<p class=\"paragraph text_align_left lp-f-body-02\">Toujours selon les diff\u00e9rents t\u00e9moins, elle aurait attrap\u00e9 la t\u00eate de l\u2019enfant avant de la cogner contre la tablette qui se trouve au dos des si\u00e8ges. Elle lui aurait ensuite tir\u00e9 les cheveux et \u00e9trangl\u00e9.<\/p>\n<p class=\"lp-card-podcast-highlighting__title  lp-f-subtitle-05\">[2\/2] L\u2019affaire du Bois Bleu : le banquier assassin\u00e9 et le poison de la rumeur <\/p>\n<p><a class=\"lp-card-podcast-highlighting__call-to-action\" data-page-type=\"HP\" data-block-name=\"podcast-highlight\">\u00c9couter<\/a><\/p>\n<p class=\"paragraph text_align_left lp-f-body-02\">Choqu\u00e9s de la sc\u00e8ne qui venait de se jouer devant eux, \u00ab plusieurs usagers ont effectu\u00e9 un signalement via le 3117 \u00bb, pr\u00e9cise une source proche du dossier. Ce num\u00e9ro &#8211; ou le 31 117 par SMS &#8211; permet aux voyageurs de signaler des situations de violences dans les transports en commun de la SNCF et de la RATP.<\/p>\n<p class=\"paragraph text_align_left lp-f-body-02\">Apr\u00e8s cet appel, les agents de la s\u00fbret\u00e9 ferroviaire de la SNCF ont \u00e9t\u00e9 sollicit\u00e9s pour intervenir lors de l\u2019arr\u00eat du train en gare de Marne-la-Vall\u00e9e-Chessy, qui dessert Disneyland Paris. La suspecte a ainsi \u00e9t\u00e9 interpell\u00e9e sur le quai avant d\u2019\u00eatre transport\u00e9e au commissariat par les policiers.<\/p>\n<p>Le gar\u00e7on pris en charge par l\u2019aide sociale \u00e0 l\u2019enfance<\/p>\n<p class=\"paragraph text_align_left lp-f-body-02\">Dimanche en fin d\u2019apr\u00e8s-midi, la suspecte \u00e9tait toujours entendue par les policiers du commissariat de Lagny-sur-Marne. L\u2019un des enjeux \u00e9tant pour les enqu\u00eateurs de pouvoir caract\u00e9riser la nature des violences, si celles-ci sont habituelles et leur potentielle r\u00e9currence. D\u2019apr\u00e8s nos informations, la suspecte serait d\u00e9j\u00e0 connue des services de police. Interrog\u00e9 sur ce point, le parquet de Meaux n\u2019a pas souhait\u00e9 faire de commentaires \u00e0 ce stade.<\/p>\n<p class=\"paragraph text_align_left lp-f-body-02\">Quant \u00e0 l\u2019enfant, il a \u00e9t\u00e9 plac\u00e9 dans un foyer pour y passer la nuit. \u00ab Il a \u00e9t\u00e9 pris en charge de mani\u00e8re temporaire par les services de l\u2019aide sociale \u00e0 l\u2019enfance \u00bb, pr\u00e9cise le parquet.<\/p>\n<p class=\"paragraph text_align_left lp-f-body-02\">D\u2019autres mesures pourraient \u00eatre d\u00e9cid\u00e9es en fonction des suites judiciaires qui seront donn\u00e9es \u00e0 cette affaire. Si le parquet d\u00e9cide de poursuivre la quadrag\u00e9naire et que celle-ci est reconnue coupable des faits dont elle est suspect\u00e9e, elle encourt une peine de cinq ans de prison et 75 000 euros d\u2019amende.<\/p>\n<p class=\"paragraph text_align_left lp-f-body-02\">\u00c0 ce stade, la notion d\u2019ITT n\u2019a pas \u00e9t\u00e9 communiqu\u00e9e. Mais si celle-ci est sup\u00e9rieure \u00e0 huit jours, la peine encourue passe \u00e0 dix ans.<\/p>\n","protected":false},"excerpt":{"rendered":"Elle aurait agi sous les yeux m\u00e9dus\u00e9s des autres voyageurs. Selon nos informations, une femme soup\u00e7onn\u00e9e d\u2019avoir commis&hellip;\n","protected":false},"author":2,"featured_media":584755,"comment_status":"","ping_status":"","sticky":false,"template":"","format":"standard","meta":{"footnotes":""},"categories":[1888],"tags":[1111,1928,11,1927,1777,674,118,1011,27,12,1926,626,1925,25],"class_list":{"0":"post-584754","1":"post","2":"type-post","3":"status-publish","4":"format-standard","5":"has-post-thumbnail","7":"category-paris","8":"tag-actu","9":"tag-actu-paris","10":"tag-actualites","11":"tag-actualites-paris","12":"tag-eu","13":"tag-europe","14":"tag-faits-divers","15":"tag-fr","16":"tag-france","17":"tag-news","18":"tag-news-paris","19":"tag-paris","20":"tag-paris-news","21":"tag-republique-francaise"},"share_on_mastodon":{"url":"https:\/\/pubeurope.com\/@fr\/115679763336868212","error":""},"_links":{"self":[{"href":"https:\/\/www.europesays.com\/fr\/wp-json\/wp\/v2\/posts\/584754","targetHints":{"allow":["GET"]}}],"collection":[{"href":"https:\/\/www.europesays.com\/fr\/wp-json\/wp\/v2\/posts"}],"about":[{"href":"https:\/\/www.europesays.com\/fr\/wp-json\/wp\/v2\/types\/post"}],"author":[{"embeddable":true,"href":"https:\/\/www.europesays.com\/fr\/wp-json\/wp\/v2\/users\/2"}],"replies":[{"embeddable":true,"href":"https:\/\/www.europesays.com\/fr\/wp-json\/wp\/v2\/comments?post=584754"}],"version-history":[{"count":0,"href":"https:\/\/www.europesays.com\/fr\/wp-json\/wp\/v2\/posts\/584754\/revisions"}],"wp:featuredmedia":[{"embeddable":true,"href":"https:\/\/www.europesays.com\/fr\/wp-json\/wp\/v2\/media\/584755"}],"wp:attachment":[{"href":"https:\/\/www.europesays.com\/fr\/wp-json\/wp\/v2\/media?parent=584754"}],"wp:term":[{"taxonomy":"category","embeddable":true,"href":"https:\/\/www.europesays.com\/fr\/wp-json\/wp\/v2\/categories?post=584754"},{"taxonomy":"post_tag","embeddable":true,"href":"https:\/\/www.europesays.com\/fr\/wp-json\/wp\/v2\/tags?post=584754"}],"curies":[{"name":"wp","href":"https:\/\/api.w.org\/{rel}","templated":true}]}}