{"id":584758,"date":"2025-12-07T18:45:13","date_gmt":"2025-12-07T18:45:13","guid":{"rendered":"https:\/\/www.europesays.com\/fr\/584758\/"},"modified":"2025-12-07T18:45:13","modified_gmt":"2025-12-07T18:45:13","slug":"viol-dune-adolescente-dans-les-wc-dun-kfc-a-paris-trois-des-quatre-hommes-interpelles-mis-en-examen","status":"publish","type":"post","link":"https:\/\/www.europesays.com\/fr\/584758\/","title":{"rendered":"Viol d\u2019une adolescente dans les WC d\u2019un KFC\u00a0\u00e0 Paris\u00a0: trois des quatre hommes interpell\u00e9s mis en examen"},"content":{"rendered":"<p class=\"paragraph text_align_left lp-f-body-02\">Trois des quatre hommes interpell\u00e9s mardi ont \u00e9t\u00e9 mis en examen pour diverses implications pr\u00e9sum\u00e9es dans <a href=\"https:\/\/www.leparisien.fr\/faits-divers\/paris-quatre-hommes-interpelles-pour-le-viol-presume-dune-adolescente-de-13-ans-aux-halles-02-12-2025-K6SQZZEXBVAU3KAZL3IGP6GX6E.php\" target=\"_blank\" rel=\"noreferrer noopener\">le viol d\u2019une adolescente de treize ans dans les toilettes d\u2019un restaurant KFC<\/a> du centre de Paris, a indiqu\u00e9 dimanche une source judiciaire sollicit\u00e9e par l\u2019AFP.<\/p>\n<p class=\"paragraph text_align_left lp-f-body-02\">L\u2019un des suspects a \u00e9t\u00e9 mis en examen pour \u00ab viol sur mineur de 15 ans \u00bb, un deuxi\u00e8me pour \u00ab tentative de viol sur mineur de 15 ans \u00bb et le troisi\u00e8me pour \u00ab non-assistance \u00e0 mineur en danger \u00bb.<\/p>\n<p class=\"paragraph text_align_left lp-f-body-02\">Le dernier a \u00e9t\u00e9 plac\u00e9 sous le statut de t\u00e9moin assist\u00e9, a encore pr\u00e9cis\u00e9 la source, ajoutant que les quatre mis en cause ont \u00e9t\u00e9 plac\u00e9s sous contr\u00f4le judiciaire.<\/p>\n<p>Quatre individus interpell\u00e9s<\/p>\n<p class=\"paragraph text_align_left lp-f-body-02\">Les faits se sont d\u00e9roul\u00e9s lundi soir, avaient mentionn\u00e9 une source polici\u00e8re et le parquet de Paris mardi. La jeune victime avait commenc\u00e9 la soir\u00e9e avec une amie et un groupe de personnes, pr\u00e8s du restaurant McDonald\u2019s du quartier de<a href=\"https:\/\/www.leparisien.fr\/paris-75\/paris-avec-toujours-plus-de-boutiques-et-de-restaurants-le-forum-des-halles-acheve-sa-mue-16-06-2022-RJCJATN5D5EQ3PWBGJIMDZZD2A.php\" target=\"_blank\" rel=\"noreferrer noopener\"> Ch\u00e2telet-Les Halles<\/a>.<\/p>\n<p class=\"paragraph text_align_left lp-f-body-02\">Ces personnes ont \u00e9t\u00e9 contr\u00f4l\u00e9es par la police. Apr\u00e8s le contr\u00f4le, l\u2019amie est rest\u00e9e avec les policiers, tandis que la victime a \u00ab suivi le groupe au <a href=\"https:\/\/www.leparisien.fr\/paris-75\/odeur-jusquau-haut-le-coeur-boucan-nuit-et-jour-et-murs-fissures-a-paris-un-kfc-empoisonne-la-vie-dun-immeuble-25-09-2024-W2SJMIXTM5A5VHWORQ466B6JHU.php\" target=\"_blank\" rel=\"noreferrer noopener\">KFC <\/a>\u00bb, avait relat\u00e9 le parquet de Paris.<\/p>\n<p class=\"paragraph text_align_left lp-f-body-02\">\u00ab La jeune fille a indiqu\u00e9 avoir subi des actes sexuels dans les toilettes, impos\u00e9s par quatre hommes du groupe \u00bb, avait-on appris de cette source. Ensuite, \u00ab les policiers l\u2019ont emmen\u00e9e en patrouille et ont interpell\u00e9 sur sa reconnaissance quatre personnes dans un groupe toujours pr\u00e9sent au Forum des Halles \u00bb.<\/p>\n","protected":false},"excerpt":{"rendered":"Trois des quatre hommes interpell\u00e9s mardi ont \u00e9t\u00e9 mis en examen pour diverses implications pr\u00e9sum\u00e9es dans le viol&hellip;\n","protected":false},"author":2,"featured_media":219290,"comment_status":"","ping_status":"","sticky":false,"template":"","format":"standard","meta":{"footnotes":""},"categories":[1888],"tags":[11,1777,674,118,1011,27,1944,12,626,25],"class_list":{"0":"post-584758","1":"post","2":"type-post","3":"status-publish","4":"format-standard","5":"has-post-thumbnail","7":"category-paris","8":"tag-actualites","9":"tag-eu","10":"tag-europe","11":"tag-faits-divers","12":"tag-fr","13":"tag-france","14":"tag-ma-ville","15":"tag-news","16":"tag-paris","17":"tag-republique-francaise"},"share_on_mastodon":{"url":"https:\/\/pubeurope.com\/@fr\/115679771042351253","error":""},"_links":{"self":[{"href":"https:\/\/www.europesays.com\/fr\/wp-json\/wp\/v2\/posts\/584758","targetHints":{"allow":["GET"]}}],"collection":[{"href":"https:\/\/www.europesays.com\/fr\/wp-json\/wp\/v2\/posts"}],"about":[{"href":"https:\/\/www.europesays.com\/fr\/wp-json\/wp\/v2\/types\/post"}],"author":[{"embeddable":true,"href":"https:\/\/www.europesays.com\/fr\/wp-json\/wp\/v2\/users\/2"}],"replies":[{"embeddable":true,"href":"https:\/\/www.europesays.com\/fr\/wp-json\/wp\/v2\/comments?post=584758"}],"version-history":[{"count":0,"href":"https:\/\/www.europesays.com\/fr\/wp-json\/wp\/v2\/posts\/584758\/revisions"}],"wp:featuredmedia":[{"embeddable":true,"href":"https:\/\/www.europesays.com\/fr\/wp-json\/wp\/v2\/media\/219290"}],"wp:attachment":[{"href":"https:\/\/www.europesays.com\/fr\/wp-json\/wp\/v2\/media?parent=584758"}],"wp:term":[{"taxonomy":"category","embeddable":true,"href":"https:\/\/www.europesays.com\/fr\/wp-json\/wp\/v2\/categories?post=584758"},{"taxonomy":"post_tag","embeddable":true,"href":"https:\/\/www.europesays.com\/fr\/wp-json\/wp\/v2\/tags?post=584758"}],"curies":[{"name":"wp","href":"https:\/\/api.w.org\/{rel}","templated":true}]}}