{"id":584762,"date":"2025-12-07T18:48:45","date_gmt":"2025-12-07T18:48:45","guid":{"rendered":"https:\/\/www.europesays.com\/fr\/584762\/"},"modified":"2025-12-07T18:48:45","modified_gmt":"2025-12-07T18:48:45","slug":"guerre-en-ukraine-rapprochement-entre-washington-et-moscou-attaque-de-drone-et-entree-dun-nouvel-acteur-dans-le-conflit","status":"publish","type":"post","link":"https:\/\/www.europesays.com\/fr\/584762\/","title":{"rendered":"Guerre en Ukraine : Rapprochement entre Washington et Moscou, attaque de drone et entr\u00e9e d\u2019un nouvel acteur dans le conflit"},"content":{"rendered":"<p class=\"mb-4 text-lg md:leading-8 break-words\"><strong>R\u00e9cap &#8211; \u00ab\u00a020 Minutes\u00a0\u00bb fait le point pour vous tous les soirs sur le conflit en Ukraine. Ce dimanche, la Russie se f\u00e9licite de la prise de position am\u00e9ricaine sur l\u2019Europe tandis que la Suisse voudrait faire entre l\u2019OSCE dans la gestion d\u2019un cessez-le-feu<\/strong><\/p>\n<p class=\"mb-4 text-lg md:leading-8 break-words\">Vous avez rat\u00e9 les derniers \u00e9v\u00e9nements sur la <a href=\"https:\/\/www.20minutes.fr\/monde\/ukraine\/?at_medium=RSS%20feed&amp;at_campaign=ynews&amp;utm_source=yahoo&amp;utm_medium=rss&amp;utm_campaign=news_feed&amp;utm_content=in_article_link\" rel=\"nofollow noopener\" target=\"_blank\" data-ylk=\"slk:guerre en Ukraine;elm:context_link;itc:0;sec:content-canvas\" class=\"link \">guerre en Ukraine<\/a>\u00a0? 20 Minutes fait le point pour vous tous les soirs. Voici l\u2019essentiel de ce dimanche 7\u00a0d\u00e9cembre, au 1.382e jour du conflit.<\/p>\n<p>Le fait du jour<\/p>\n<p class=\"mb-4 text-lg md:leading-8 break-words\">La <a href=\"https:\/\/www.20minutes.fr\/monde\/russie\/?at_medium=RSS%20feed&amp;at_campaign=ynews&amp;utm_source=yahoo&amp;utm_medium=rss&amp;utm_campaign=news_feed&amp;utm_content=in_article_link\" rel=\"nofollow noopener\" target=\"_blank\" data-ylk=\"slk:Russie;elm:context_link;itc:0;sec:content-canvas\" class=\"link \">Russie <\/a>a accueilli favorablement ce dimanche la nouvelle strat\u00e9gie de s\u00e9curit\u00e9 nationale des <a href=\"https:\/\/www.20minutes.fr\/monde\/etats-unis\/?at_medium=RSS%20feed&amp;at_campaign=ynews&amp;utm_source=yahoo&amp;utm_medium=rss&amp;utm_campaign=news_feed&amp;utm_content=in_article_link\" rel=\"nofollow noopener\" target=\"_blank\" data-ylk=\"slk:Etats-Unis;elm:context_link;itc:0;sec:content-canvas\" class=\"link \">Etats-Unis<\/a>, affirmant que ses ajustements majeurs, qui rel\u00e8vent d\u2019une approche nationaliste de la pr\u00e9sidence de <a href=\"https:\/\/www.20minutes.fr\/dossier\/donald_trump?at_medium=RSS%20feed&amp;at_campaign=ynews&amp;utm_source=yahoo&amp;utm_medium=rss&amp;utm_campaign=news_feed&amp;utm_content=in_article_link\" rel=\"nofollow noopener\" target=\"_blank\" data-ylk=\"slk:Donald Trump;elm:context_link;itc:0;sec:content-canvas\" class=\"link \">Donald Trump<\/a>, \u00e9taient \u00ab\u00a0globalement conformes\u00a0\u00bb \u00e0 la vision de <a href=\"https:\/\/www.20minutes.fr\/monde\/moscou\/?at_medium=RSS%20feed&amp;at_campaign=ynews&amp;utm_source=yahoo&amp;utm_medium=rss&amp;utm_campaign=news_feed&amp;utm_content=in_article_link\" rel=\"nofollow noopener\" target=\"_blank\" data-ylk=\"slk:Moscou;elm:context_link;itc:0;sec:content-canvas\" class=\"link \">Moscou<\/a>. Dimitri Peskov, le porte-parole du Kremlin, a dit esp\u00e9rer dans un entretien accord\u00e9 \u00e0 la t\u00e9l\u00e9vision publique russe Rossia que la nouvelle strat\u00e9gie de <a href=\"https:\/\/www.20minutes.fr\/dossier\/washington?at_medium=RSS%20feed&amp;at_campaign=ynews&amp;utm_source=yahoo&amp;utm_medium=rss&amp;utm_campaign=news_feed&amp;utm_content=in_article_link\" rel=\"nofollow noopener\" target=\"_blank\" data-ylk=\"slk:Washington;elm:context_link;itc:0;sec:content-canvas\" class=\"link \">Washington <\/a>puisse permettre \u00e0 la Russie de \u00ab\u00a0poursuivre de mani\u00e8re constructive le travail commun [avec les Etats-Unis] pour trouver un r\u00e8glement pacifique en Ukraine\u00a0\u00bb.<\/p>\n<p class=\"mb-4 text-lg md:leading-8 break-words\">Le texte diffus\u00e9 par le gouvernement am\u00e9ricain red\u00e9finit sa \u00ab\u00a0strat\u00e9gie de s\u00e9curit\u00e9 nationale\u00a0\u00bb en accord avec la position de Donald Trump en faveur de \u00ab\u00a0l\u2019Am\u00e9rique d\u2019abord\u00a0\u00bb. Il s\u2019en prend vivement aux Europ\u00e9ens, soutenant que le Vieux continent est confront\u00e9 \u00e0 un \u00ab\u00a0effacement civilisationnel\u00a0\u00bb d\u00fb \u00e0 l\u2019<a href=\"https:\/\/www.20minutes.fr\/dossier\/immigration?at_medium=RSS%20feed&amp;at_campaign=ynews&amp;utm_source=yahoo&amp;utm_medium=rss&amp;utm_campaign=news_feed&amp;utm_content=in_article_link\" rel=\"nofollow noopener\" target=\"_blank\" data-ylk=\"slk:immigration;elm:context_link;itc:0;sec:content-canvas\" class=\"link \">immigration<\/a>. Le document promet \u00e9galement qu\u2019il n\u2019y aura pas d\u2019\u00e9largissement de l\u2019Otan, an\u00e9antissant une fois de plus les espoirs de l\u2019Ukraine.<\/p>\n<p>Le chiffre du jour<\/p>\n<p class=\"mb-4 text-lg md:leading-8 break-words\">2.800. C\u2019est le nombre de drones et missiles lanc\u00e9s par la Russie sur l\u2019Ukraine cette semaine, d\u2019apr\u00e8s un post du pr\u00e9sident ukrainien Volodymyr Zelensky. Il fait plus pr\u00e9cis\u00e9ment \u00e9tat de \u00ab\u00a0plus de 1.600 drones d\u2019attaques, envi(&#8230;)<\/p>\n<p class=\"mb-4 text-lg md:leading-8 break-words\"><a href=\"https:\/\/www.20minutes.fr\/monde\/ukraine\/4190143-20251207-guerre-ukraine-rapprochement-entre-washington-moscou-attaque-drone-entree-nouvel-acteur-conflit?at_medium=RSS%20feed&amp;at_campaign=ynews&amp;utm_source=yahoo&amp;utm_medium=rss&amp;utm_campaign=news_feed&amp;utm_content=read_more_link&quot;\" rel=\"nofollow noopener\" target=\"_blank\" data-ylk=\"slk:Lire la suite sur 20minutes;elm:context_link;itc:0;sec:content-canvas\" class=\"link \">Lire la suite sur 20minutes<\/a><\/p>\n<p>\u00c0 lire aussi :<br \/><a href=\"https:\/\/www.20minutes.fr\/monde\/ukraine\/4190058-20251206-guerre-ukraine-frappes-massives-drones-missiles-russes-visent-sites-energetiques?at_medium=RSS%20feed&amp;at_campaign=ynews&amp;utm_source=yahoo&amp;utm_medium=rss&amp;utm_campaign=news_feed&amp;utm_content=related_content_link\" rel=\"nofollow noopener\" target=\"_blank\" data-ylk=\"slk:Guerre en Ukraine\u00a0: Des frappes massives de drones et de missiles russes visent des sites \u00e9nerg\u00e9tiques;elm:context_link;itc:0;sec:content-canvas\" class=\"link \">Guerre en Ukraine\u00a0: Des frappes massives de drones et de missiles russes visent des sites \u00e9nerg\u00e9tiques<\/a><br \/><a href=\"https:\/\/www.20minutes.fr\/monde\/ukraine\/4190049-20251206-guerre-ukraine-discussions-marathon-entre-ukrainiens-americains-poursuivent-samedi-floride?at_medium=RSS%20feed&amp;at_campaign=ynews&amp;utm_source=yahoo&amp;utm_medium=rss&amp;utm_campaign=news_feed&amp;utm_content=related_content_link\" rel=\"nofollow noopener\" target=\"_blank\" data-ylk=\"slk:Guerre en Ukraine\u00a0: Les discussions marathon entre Ukrainiens et Am\u00e9ricains se poursuivent en Floride;elm:context_link;itc:0;sec:content-canvas\" class=\"link \">Guerre en Ukraine\u00a0: Les discussions marathon entre Ukrainiens et Am\u00e9ricains se poursuivent en Floride<\/a><\/p>\n","protected":false},"excerpt":{"rendered":"R\u00e9cap &#8211; \u00ab\u00a020 Minutes\u00a0\u00bb fait le point pour vous tous les soirs sur le conflit en Ukraine. Ce&hellip;\n","protected":false},"author":2,"featured_media":584763,"comment_status":"","ping_status":"","sticky":false,"template":"","format":"standard","meta":{"footnotes":""},"categories":[1590],"tags":[11,69819,75,1777,674,12,69818,1879,220],"class_list":{"0":"post-584762","1":"post","2":"type-post","3":"status-publish","4":"format-standard","5":"has-post-thumbnail","7":"category-ukraine","8":"tag-actualites","9":"tag-dimitri-peskov","10":"tag-donald-trump","11":"tag-eu","12":"tag-europe","13":"tag-news","14":"tag-position-americaine","15":"tag-securite-nationale","16":"tag-ukraine"},"share_on_mastodon":{"url":"https:\/\/pubeurope.com\/@fr\/115679782782068060","error":""},"_links":{"self":[{"href":"https:\/\/www.europesays.com\/fr\/wp-json\/wp\/v2\/posts\/584762","targetHints":{"allow":["GET"]}}],"collection":[{"href":"https:\/\/www.europesays.com\/fr\/wp-json\/wp\/v2\/posts"}],"about":[{"href":"https:\/\/www.europesays.com\/fr\/wp-json\/wp\/v2\/types\/post"}],"author":[{"embeddable":true,"href":"https:\/\/www.europesays.com\/fr\/wp-json\/wp\/v2\/users\/2"}],"replies":[{"embeddable":true,"href":"https:\/\/www.europesays.com\/fr\/wp-json\/wp\/v2\/comments?post=584762"}],"version-history":[{"count":0,"href":"https:\/\/www.europesays.com\/fr\/wp-json\/wp\/v2\/posts\/584762\/revisions"}],"wp:featuredmedia":[{"embeddable":true,"href":"https:\/\/www.europesays.com\/fr\/wp-json\/wp\/v2\/media\/584763"}],"wp:attachment":[{"href":"https:\/\/www.europesays.com\/fr\/wp-json\/wp\/v2\/media?parent=584762"}],"wp:term":[{"taxonomy":"category","embeddable":true,"href":"https:\/\/www.europesays.com\/fr\/wp-json\/wp\/v2\/categories?post=584762"},{"taxonomy":"post_tag","embeddable":true,"href":"https:\/\/www.europesays.com\/fr\/wp-json\/wp\/v2\/tags?post=584762"}],"curies":[{"name":"wp","href":"https:\/\/api.w.org\/{rel}","templated":true}]}}