{"id":584764,"date":"2025-12-07T18:49:14","date_gmt":"2025-12-07T18:49:14","guid":{"rendered":"https:\/\/www.europesays.com\/fr\/584764\/"},"modified":"2025-12-07T18:49:14","modified_gmt":"2025-12-07T18:49:14","slug":"mike-huckabee-les-etats-unis-ont-beaucoup-dallies-mais-un-seul-veritable-partenaire-israel","status":"publish","type":"post","link":"https:\/\/www.europesays.com\/fr\/584764\/","title":{"rendered":"Mike Huckabee : \u00ab\u00a0Les \u00c9tats-Unis Ont Beaucoup D\u2019alli\u00e9s, Mais Un Seul V\u00e9ritable Partenaire : Isra\u00ebl\u00a0\u00bb"},"content":{"rendered":"<p class=\"\" data-is=\"component-paragraph\">L\u2019ambassadeur des \u00c9tats-Unis en Isra\u00ebl, Mike Huckabee, a d\u00e9livr\u00e9 dimanche un message fort aux ambassadeurs isra\u00e9liens r\u00e9unis au D\u00e9partement d\u2019\u00c9tat pour la Conf\u00e9rence annuelle des chefs de mission 2025. Il a soulign\u00e9 la profondeur du lien strat\u00e9gique entre les deux pays, affirmant que \u00ab les \u00c9tats-Unis ont de nombreux amis et alli\u00e9s, mais un seul vrai partenaire : Isra\u00ebl \u00bb.<\/p>\n<p class=\"\" data-is=\"component-paragraph\">Huckabee a insist\u00e9 sur la contribution \u00ab essentielle \u00bb d\u2019Isra\u00ebl \u00e0 la s\u00e9curit\u00e9, \u00e0 l\u2019\u00e9conomie et \u00e0 la r\u00e9silience des \u00c9tats-Unis. Selon lui, \u00ab tout ennemi d\u2019Isra\u00ebl est un ennemi des \u00c9tats-Unis \u00bb, rappelant que la menace iranienne vise \u00e9galement directement le territoire am\u00e9ricain.<\/p>\n<p class=\"\" data-is=\"component-paragraph\">Il a racont\u00e9 avoir v\u00e9cu quatre guerres en une seule ann\u00e9e en Isra\u00ebl et partag\u00e9 la vie des citoyens dans les abris, avant d\u2019ajouter : \u00ab J\u2019ai v\u00e9cu \u00e0 Washington et \u00e0 J\u00e9rusalem, et c\u2019est ici que je me sens le plus en s\u00e9curit\u00e9. \u00bb<\/p>\n<p><img alt=\"Video poster\" class=\"video-poster\" data-is=\"lazy-image\" data-observed-item-id=\"https:\/\/api.i24news.tv\/fr\/brightcove\/6386156558112\/poster\"\/>Ran Gvili : le dernier otage. Les recherches pour retrouver son corps reprennent \u00e0 Gaza<\/p>\n<p class=\"\" data-is=\"component-paragraph\">L\u2019ambassadeur a mis en avant l\u2019importance de faire venir davantage de d\u00e9l\u00e9gations am\u00e9ricaines en Isra\u00ebl. Il a salu\u00e9 la visite exceptionnelle, ce jour-l\u00e0, d\u2019une d\u00e9l\u00e9gation de 1 000 pasteurs am\u00e9ricains, la plus importante jamais organis\u00e9e par le minist\u00e8re isra\u00e9lien des Affaires \u00e9trang\u00e8res et l\u2019organisation Friends of Zion, sous la direction du ministre Gideon Sa\u2019ar.<\/p>\n<p class=\"\" data-is=\"component-paragraph\">Huckabee a remerci\u00e9 les diplomates isra\u00e9liens et a tenu \u00e0 rappeler que les \u00c9tats-Unis ne font pas seulement preuve de solidarit\u00e9 envers Isra\u00ebl : ils b\u00e9n\u00e9ficient activement de ce partenariat, gr\u00e2ce \u00e0 l\u2019innovation m\u00e9dicale isra\u00e9lienne, aux technologies agricoles avanc\u00e9es et \u00e0 la coop\u00e9ration s\u00e9curitaire.<\/p>\n<p class=\"\" data-is=\"component-paragraph\">Il a conclu en affirmant \u00eatre fier de repr\u00e9senter son pays en Isra\u00ebl et en r\u00e9it\u00e9rant son message : \u00ab Les \u00c9tats-Unis sont aux c\u00f4t\u00e9s d\u2019Isra\u00ebl. \u00bb<\/p>\n","protected":false},"excerpt":{"rendered":"L\u2019ambassadeur des \u00c9tats-Unis en Isra\u00ebl, Mike Huckabee, a d\u00e9livr\u00e9 dimanche un message fort aux ambassadeurs isra\u00e9liens r\u00e9unis au&hellip;\n","protected":false},"author":2,"featured_media":584765,"comment_status":"","ping_status":"","sticky":false,"template":"","format":"standard","meta":{"footnotes":""},"categories":[1589],"tags":[11,73,1866,12,1864,1865,1863,308],"class_list":{"0":"post-584764","1":"post","2":"type-post","3":"status-publish","4":"format-standard","5":"has-post-thumbnail","7":"category-etats-unis","8":"tag-actualites","9":"tag-etats-unis","10":"tag-etats-unis-damerique","11":"tag-news","12":"tag-united-states","13":"tag-united-states-of-america","14":"tag-us","15":"tag-usa"},"share_on_mastodon":{"url":"https:\/\/pubeurope.com\/@fr\/115679786764303954","error":""},"_links":{"self":[{"href":"https:\/\/www.europesays.com\/fr\/wp-json\/wp\/v2\/posts\/584764","targetHints":{"allow":["GET"]}}],"collection":[{"href":"https:\/\/www.europesays.com\/fr\/wp-json\/wp\/v2\/posts"}],"about":[{"href":"https:\/\/www.europesays.com\/fr\/wp-json\/wp\/v2\/types\/post"}],"author":[{"embeddable":true,"href":"https:\/\/www.europesays.com\/fr\/wp-json\/wp\/v2\/users\/2"}],"replies":[{"embeddable":true,"href":"https:\/\/www.europesays.com\/fr\/wp-json\/wp\/v2\/comments?post=584764"}],"version-history":[{"count":0,"href":"https:\/\/www.europesays.com\/fr\/wp-json\/wp\/v2\/posts\/584764\/revisions"}],"wp:featuredmedia":[{"embeddable":true,"href":"https:\/\/www.europesays.com\/fr\/wp-json\/wp\/v2\/media\/584765"}],"wp:attachment":[{"href":"https:\/\/www.europesays.com\/fr\/wp-json\/wp\/v2\/media?parent=584764"}],"wp:term":[{"taxonomy":"category","embeddable":true,"href":"https:\/\/www.europesays.com\/fr\/wp-json\/wp\/v2\/categories?post=584764"},{"taxonomy":"post_tag","embeddable":true,"href":"https:\/\/www.europesays.com\/fr\/wp-json\/wp\/v2\/tags?post=584764"}],"curies":[{"name":"wp","href":"https:\/\/api.w.org\/{rel}","templated":true}]}}