{"id":584768,"date":"2025-12-07T18:51:11","date_gmt":"2025-12-07T18:51:11","guid":{"rendered":"https:\/\/www.europesays.com\/fr\/584768\/"},"modified":"2025-12-07T18:51:11","modified_gmt":"2025-12-07T18:51:11","slug":"des-centaines-de-peres-noel-courent-a-michendorf-en-allemagne-lors-de-la-course-de-noel-annuelle","status":"publish","type":"post","link":"https:\/\/www.europesays.com\/fr\/584768\/","title":{"rendered":"Des centaines de P\u00e8res No\u00ebl courent \u00e0 Michendorf, en Allemagne, lors de la course de No\u00ebl annuelle"},"content":{"rendered":"<p class=\"mb-4 text-lg md:leading-8 break-words\">Pr\u00e8s de 1 000 participants ont transform\u00e9 Michendorf en une mar\u00e9e rouge, dimanche, \u00e0 l\u2019occasion de la 17e course de la Saint-Nicolas. Cette course annuelle, organis\u00e9e \u00e0 l\u2019approche de No\u00ebl, a r\u00e9uni des coureurs venus de toute l\u2019Allemagne, v\u00eatus de manteaux rouges traditionnels et de barbes blanches.<\/p>\n<p class=\"mb-4 text-lg md:leading-8 break-words\">Organis\u00e9e par le club de course \u00e0 pied de Michendorf, la manifestation proposait des distances de 2,5, 5 et 10 kilom\u00e8tres. Les enfants ont pris part au Zipfelm\u00fctzenlauf d\u2019un kilom\u00e8tre, la \u00ab course du bonnet pointu \u00bb. Aucun niveau sportif n\u2019\u00e9tait requis, seulement de l\u2019enthousiasme et le costume de rigueur.<\/p>\n<p class=\"mb-4 text-lg md:leading-8 break-words\">La course a m\u00eal\u00e9 ambiance bon enfant et exercice en douceur, donnant le coup d\u2019envoi de la saison des f\u00eates locale.<\/p>\n<p class=\"mb-4 text-lg md:leading-8 break-words\">Ce texte a \u00e9t\u00e9 traduit avec l\u2019aide de l\u2019intelligence artificielle. Signaler un probl\u00e8me : [feedback-articles-fr@euronews.com].<\/p>\n","protected":false},"excerpt":{"rendered":"Pr\u00e8s de 1 000 participants ont transform\u00e9 Michendorf en une mar\u00e9e rouge, dimanche, \u00e0 l\u2019occasion de la 17e&hellip;\n","protected":false},"author":2,"featured_media":584769,"comment_status":"","ping_status":"","sticky":false,"template":"","format":"standard","meta":{"footnotes":""},"categories":[1587],"tags":[11,672,1804,69820,1805,1803,1777,674,1801,69821,69822,12,15830,1802,14334],"class_list":{"0":"post-584768","1":"post","2":"type-post","3":"status-publish","4":"format-standard","5":"has-post-thumbnail","7":"category-allemagne","8":"tag-actualites","9":"tag-allemagne","10":"tag-bundesrepublik-deutschland","11":"tag-club-de-course-a-pied","12":"tag-de","13":"tag-deutschland","14":"tag-eu","15":"tag-europe","16":"tag-germany","17":"tag-maree-rouge","18":"tag-michendorf","19":"tag-news","20":"tag-noel","21":"tag-republique-federale-dallemagne","22":"tag-saint-nicolas"},"share_on_mastodon":{"url":"https:\/\/pubeurope.com\/@fr\/115679794565102168","error":""},"_links":{"self":[{"href":"https:\/\/www.europesays.com\/fr\/wp-json\/wp\/v2\/posts\/584768","targetHints":{"allow":["GET"]}}],"collection":[{"href":"https:\/\/www.europesays.com\/fr\/wp-json\/wp\/v2\/posts"}],"about":[{"href":"https:\/\/www.europesays.com\/fr\/wp-json\/wp\/v2\/types\/post"}],"author":[{"embeddable":true,"href":"https:\/\/www.europesays.com\/fr\/wp-json\/wp\/v2\/users\/2"}],"replies":[{"embeddable":true,"href":"https:\/\/www.europesays.com\/fr\/wp-json\/wp\/v2\/comments?post=584768"}],"version-history":[{"count":0,"href":"https:\/\/www.europesays.com\/fr\/wp-json\/wp\/v2\/posts\/584768\/revisions"}],"wp:featuredmedia":[{"embeddable":true,"href":"https:\/\/www.europesays.com\/fr\/wp-json\/wp\/v2\/media\/584769"}],"wp:attachment":[{"href":"https:\/\/www.europesays.com\/fr\/wp-json\/wp\/v2\/media?parent=584768"}],"wp:term":[{"taxonomy":"category","embeddable":true,"href":"https:\/\/www.europesays.com\/fr\/wp-json\/wp\/v2\/categories?post=584768"},{"taxonomy":"post_tag","embeddable":true,"href":"https:\/\/www.europesays.com\/fr\/wp-json\/wp\/v2\/tags?post=584768"}],"curies":[{"name":"wp","href":"https:\/\/api.w.org\/{rel}","templated":true}]}}