{"id":584770,"date":"2025-12-07T18:52:14","date_gmt":"2025-12-07T18:52:14","guid":{"rendered":"https:\/\/www.europesays.com\/fr\/584770\/"},"modified":"2025-12-07T18:52:14","modified_gmt":"2025-12-07T18:52:14","slug":"la-recette-danoise-dimmigration-zero-seduit-en-europe","status":"publish","type":"post","link":"https:\/\/www.europesays.com\/fr\/584770\/","title":{"rendered":"La recette danoise d'\u00a0\u00bbimmigration z\u00e9ro\u00a0\u00bb s\u00e9duit en Europe"},"content":{"rendered":"<p>Les pionniers du \u00ab\u00a0mod\u00e8le rwandais\u00a0\u00bb<\/p>\n<p class=\"ap-StoryElement ap-StoryElement--mb ap-StoryText\">\u00ab\u00a0L&rsquo;enjeu est de taille\u00a0\u00bb, souligne-t-il, dans un communiqu\u00e9, esp\u00e9rant parvenir \u00e0 un consensus \u00e0 Bruxelles \u00ab\u00a0pour rendre possible la mise en place de centres d&rsquo;accueil communs hors de l&rsquo;UE, o\u00f9 seront trait\u00e9es les demandes d&rsquo;asile\u00a0\u00bb.<\/p>\n<p class=\"ap-StoryElement ap-StoryElement--mb ap-StoryText\">\u00ab\u00a0Il s&rsquo;agit d&rsquo;une priorit\u00e9 danoise depuis de nombreuses ann\u00e9es\u00a0\u00bb, a-t-il rappel\u00e9. En effet, le Danemark a \u00e9t\u00e9 le premier \u00c9tat membre \u00e0 proposer d&rsquo;envoyer les demandeurs d&rsquo;asile dans des pays tiers o\u00f9 leurs demandes seront examin\u00e9es et \u00e0 signer un protocole d&rsquo;accord en ce sens avec le Rwanda en 2021.<\/p>\n<p><a href=\"https:\/\/www.lalibre.be\/international\/europe\/2024\/05\/23\/migration-comment-le-tres-controverse-modele-rwanda-a-fait-son-chemin-et-interesse-desormais-15-pays-de-lue-F4NU34ZIF5B67MBNZIWG4SUIIM\/\" target=\"_self\" class=\"ap-StoryInterstitialLink ap-StoryElement ap-StoryElement--mb\" rel=\"noopener\">Migration: comment le tr\u00e8s controvers\u00e9 \u00ab\u00a0mod\u00e8le Rwanda\u00a0\u00bb a fait son chemin et int\u00e9resse d\u00e9sormais 15 pays de l&rsquo;UE<\/a><\/p>\n<p class=\"ap-StoryElement ap-StoryElement--mb ap-StoryText\">Les questions migratoires font d\u00e9bat depuis pr\u00e8s d&rsquo;un quart de si\u00e8cle dans le pays de 5,9 millions d&rsquo;habitants, soulev\u00e9es notamment par le Parti du peuple danois (PPD, extr\u00eame droite), entra\u00eenant au fil des ans une politique d&rsquo;immigration ultra-restrictive, l&rsquo;une des plus dures d&rsquo;Europe.<\/p>\n<p class=\"ap-StoryElement ap-StoryElement--mb ap-StoryText\"><a href=\"https:\/\/www.lalibre.be\/international\/europe\/2021\/06\/18\/pour-le-danemark-le-respect-des-droits-fondamentaux-nest-plus-une-priorite-THWUGX2UQRD67FNRKFQM77PIUI\/\" target=\"_self\" rel=\"noopener\">Clou\u00e9 au pilori<\/a>, notamment depuis la crise migratoire europ\u00e9enne de 2015-2016, par nombre de pays de l&rsquo;UE, de l&rsquo;Onu et autres ONG de d\u00e9fense des droits de l&rsquo;homme, le Danemark est devenu paradoxalement ces derni\u00e8res ann\u00e9es un mod\u00e8le \u00e0 suivre.<\/p>\n<p>Des chiffres qui parlent pour Copenhague<\/p>\n<p class=\"ap-StoryElement ap-StoryElement--mb ap-StoryText\">Et pour cause, sa politique tant d\u00e9cri\u00e9e a port\u00e9 ses fruits. Le nombre de demandeurs d&rsquo;asile a atteint en 2024 son plus bas niveau depuis plus de 40 ans \u00e0 1656 contre 21 316 en 2015, lors de la crise migratoire en Europe, et celui des permis de s\u00e9jour octroy\u00e9s est en chute libre \u00e0 779 au cours des 10 premiers mois de 2025, un record, pour 10 266 dix ans plus t\u00f4t.<\/p>\n<p class=\"ap-StoryElement ap-StoryElement--mb ap-StoryText\">Ces r\u00e9sultats spectaculaires ont \u00e9t\u00e9 obtenus sous l&rsquo;\u00e8re d&rsquo;un gouvernement de centre-droit dirig\u00e9 par les sociaux-d\u00e9mocrates depuis 2019.<\/p>\n<p class=\"ap-StoryElement ap-StoryElement--mb ap-StoryText\">Pas moins de 96 d\u00e9l\u00e9gations de ministres, de d\u00e9put\u00e9s et d&rsquo;experts de plusieurs pays, notamment de l&rsquo;Allemagne, l&rsquo;Autriche, la Belgique, la France, la Su\u00e8de, la Norv\u00e8ge et le Royaume-Uni, se sont succ\u00e9d\u00e9 depuis 2019 \u00e0 Copenhague pour conna\u00eetre les ingr\u00e9dients de la recette danoise, selon un d\u00e9compte du minist\u00e8re de l&rsquo;Immigration et d&rsquo;int\u00e9gration.<\/p>\n<p class=\"ap-StoryElement ap-StoryElement--mb ap-StoryText\">La Su\u00e8de, qui a accueilli 163.000 r\u00e9fugi\u00e9s en 2015, un record per capita en Europe, a longtemps d\u00e9nigr\u00e9 la politique \u00ab\u00a0brutale\u00a0\u00bb de son voisin scandinave.<\/p>\n<p class=\"ap-StoryElement ap-StoryElement--mb ap-StoryText\">Mais elle a fini par \u00ab\u00a0reconna\u00eetre que le temps a donn\u00e9 raison au Danemark\u00a0\u00bb, selon les termes de son Premier ministre conservateur Ulf Kristersson, dont le pays, en proie \u00e0 la criminalit\u00e9 des bandes d&rsquo;origine immigr\u00e9e, p\u00e2tit de l&rsquo;\u00e9chec de l&rsquo;int\u00e9gration.<\/p>\n<p class=\"ap-StoryElement ap-StoryElement--mb ap-StoryText\">Partageant cet avis, le chancelier allemand Friedrich Merz, recevant le 11 juin dernier Mette Frederiksen la cheffe du gouvernement danois \u00e0 Berlin, a admis que \u00ab\u00a0le Danemark est un mod\u00e8le pour nous en mati\u00e8re de politique migratoire\u00a0\u00bb. Certes \u00ab\u00a0l&rsquo;Allemagne est un pays d&rsquo;immigration, mais il y a des limites\u00a0\u00bb face \u00e0 l&rsquo;afflux des migrants a-t-il affirm\u00e9 lors d&rsquo;un point de presse commun.<\/p>\n<p><a href=\"https:\/\/www.lalibre.be\/international\/europe\/2025\/10\/24\/pour-friedrich-merz-limmigration-est-un-probleme-dans-le-paysage-urbain-FFJRFRXY6RDZVAIOTSWVM6FNEY\/\" target=\"_self\" class=\"ap-StoryInterstitialLink ap-StoryElement ap-StoryElement--mb\" rel=\"noopener\">Pour Friedrich Merz, l&rsquo;immigration est un \u00ab\u00a0probl\u00e8me dans le paysage urbain\u00a0\u00bb<\/a><\/p>\n<p class=\"ap-StoryElement ap-StoryElement--mb ap-StoryText\"><a href=\"https:\/\/www.lalibre.be\/international\/europe\/2025\/11\/17\/le-royaume-uni-va-reformer-radicalement-son-accueil-et-sa-gestion-des-refugies-A5ADBEVD6ZAUJMGQSYFWEABWAY\/\" target=\"_self\" rel=\"noopener\">Le gouvernement travailliste britannique<\/a>, qui traverse une p\u00e9riode de tensions in\u00e9dite sur les questions migratoires, veut s&rsquo;inspirer \u00e9galement du mod\u00e8le danois pour r\u00e9former son syst\u00e8me d&rsquo;asile, tirant notamment la le\u00e7on des r\u00e8gles rigoureuses danoises de regroupement familial et des restrictions de s\u00e9jour des r\u00e9fugi\u00e9s.<\/p>\n<p class=\"ap-StoryElement ap-StoryElement--mb ap-StoryText\">Expliquant cet attrait pour le mod\u00e8le danois pourtant muscl\u00e9 destin\u00e9 \u00e0 fermer la porte aux migrants, le professeur en sciences \u00e9conomiques Poul Fritz Kjaer au d\u00e9partement de sciences politiques \u00e0 Copenhagen Business School (CBS) pense qu'\u00a0\u00bb il refl\u00e8te un changement d&rsquo;attitude vis-\u00e0-vis de l&rsquo;immigration en Europe sous la forte pouss\u00e9e de partis nationalistes de droite\u00a0\u00bb.<\/p>\n","protected":false},"excerpt":{"rendered":"Les pionniers du \u00ab\u00a0mod\u00e8le rwandais\u00a0\u00bb \u00ab\u00a0L&rsquo;enjeu est de taille\u00a0\u00bb, souligne-t-il, dans un communiqu\u00e9, esp\u00e9rant parvenir \u00e0 un consensus&hellip;\n","protected":false},"author":2,"featured_media":584771,"comment_status":"","ping_status":"","sticky":false,"template":"","format":"standard","meta":{"footnotes":""},"categories":[1586],"tags":[11,1777,674,1011,27,1227,12,9024,25],"class_list":{"0":"post-584770","1":"post","2":"type-post","3":"status-publish","4":"format-standard","5":"has-post-thumbnail","7":"category-europe","8":"tag-actualites","9":"tag-eu","10":"tag-europe","11":"tag-fr","12":"tag-france","13":"tag-horizontal","14":"tag-news","15":"tag-politics","16":"tag-republique-francaise"},"share_on_mastodon":{"url":"https:\/\/pubeurope.com\/@fr\/115679798558524292","error":""},"_links":{"self":[{"href":"https:\/\/www.europesays.com\/fr\/wp-json\/wp\/v2\/posts\/584770","targetHints":{"allow":["GET"]}}],"collection":[{"href":"https:\/\/www.europesays.com\/fr\/wp-json\/wp\/v2\/posts"}],"about":[{"href":"https:\/\/www.europesays.com\/fr\/wp-json\/wp\/v2\/types\/post"}],"author":[{"embeddable":true,"href":"https:\/\/www.europesays.com\/fr\/wp-json\/wp\/v2\/users\/2"}],"replies":[{"embeddable":true,"href":"https:\/\/www.europesays.com\/fr\/wp-json\/wp\/v2\/comments?post=584770"}],"version-history":[{"count":0,"href":"https:\/\/www.europesays.com\/fr\/wp-json\/wp\/v2\/posts\/584770\/revisions"}],"wp:featuredmedia":[{"embeddable":true,"href":"https:\/\/www.europesays.com\/fr\/wp-json\/wp\/v2\/media\/584771"}],"wp:attachment":[{"href":"https:\/\/www.europesays.com\/fr\/wp-json\/wp\/v2\/media?parent=584770"}],"wp:term":[{"taxonomy":"category","embeddable":true,"href":"https:\/\/www.europesays.com\/fr\/wp-json\/wp\/v2\/categories?post=584770"},{"taxonomy":"post_tag","embeddable":true,"href":"https:\/\/www.europesays.com\/fr\/wp-json\/wp\/v2\/tags?post=584770"}],"curies":[{"name":"wp","href":"https:\/\/api.w.org\/{rel}","templated":true}]}}