{"id":584772,"date":"2025-12-07T18:53:11","date_gmt":"2025-12-07T18:53:11","guid":{"rendered":"https:\/\/www.europesays.com\/fr\/584772\/"},"modified":"2025-12-07T18:53:11","modified_gmt":"2025-12-07T18:53:11","slug":"la-liberte-dexpression-vue-par-emmanuel-macron-et-lunion-europeenne","status":"publish","type":"post","link":"https:\/\/www.europesays.com\/fr\/584772\/","title":{"rendered":"La Libert\u00e9 d\u2019expression vue par Emmanuel Macron et l\u2019Union europ\u00e9enne"},"content":{"rendered":"<p>Une fois encore sous l\u2019influence de la Commission europ\u00e9enne, le pr\u00e9sident Macron annonce vouloir \u201clabelliser les m\u00e9dias fran\u00e7ais\u201d, trahissant le n\u00e9ant de sa pens\u00e9e politique et son m\u00e9pris de la libert\u00e9 d\u2019expression. La d\u00e9claration de la semaine pass\u00e9e trahit aussi et surtout la pression europ\u00e9enne \u00e0 la mise en \u0153uvre du <a href=\"https:\/\/eur-lex.europa.eu\/FR\/legal-content\/summary\/european-media-freedom-act.html\" target=\"_blank\" rel=\"noopener\">r\u00e8glement europ\u00e9en sur la libert\u00e9 des m\u00e9dias<\/a> (EMFA), applicable par les \u00c9tats membres depuis le 8 ao\u00fbt 2025.<\/p>\n<p><a href=\"https:\/\/www.valeursactuelles.com\/societe\/que-pensez-vous-dune-possible-labellisation-des-medias\" class=\"h-flex h-align-items-center h-border-tb h-ptb-15\" target=\"_blank\" rel=\"noopener\">A\u00a0LIRE\u00a0Que pensez-vous d\u2019une possible labellisation des m\u00e9dias ?<\/a><\/p>\n<p>L\u2019objectif officiel de ce r\u00e8glement, largement adopt\u00e9 en mars 2024 par le Parlement europ\u00e9en (dont les eurod\u00e9put\u00e9s macronistes et les R\u00e9publicains), est de garantir l\u2019ind\u00e9pendance \u00e9ditoriale de la presse, le pluralisme des m\u00e9dias, de prot\u00e9ger journalistes et r\u00e9dactions contre la surveillance ill\u00e9gitime des informations et opinions dispens\u00e9es par des logiciels espions, contre les ing\u00e9rences \u00e9trang\u00e8res, contre les pressions politiques, et enfin contre la censure des plateformes m\u00e9dias.<\/p>\n<p>En lisant ces lignes, le lecteur serait en droit de se r\u00e9jouir de ces dispositions europ\u00e9ennes que l\u2019on pourrait juger conformes \u00e0 l\u2019article 11 de la D\u00e9claration des Droits de l\u2019Homme et du citoyen : \u00ab\u00a0La libre communication des pens\u00e9es et des opinions est un des droits les plus pr\u00e9cieux de l\u2019homme : tout citoyen peut donc parler, \u00e9crire, imprimer librement, sauf \u00e0 r\u00e9pondre de l\u2019abus de cette libert\u00e9 dans les pas d\u00e9termin\u00e9s par la loi.\u00a0\u00bb<\/p>\n<blockquote>\n<p>Ce r\u00e8glement constitue un danger majeur pour tous les m\u00e9dias qui ne rentrent pas dans le narratif europ\u00e9en.<\/p>\n<\/blockquote>\n<p>Cependant, la prudence est de mise\u00a0: en effet, l\u2019objectif officieux de ce r\u00e8glement r\u00e9side essentiellement dans ce que le Rassemblement National a d\u00e9nonc\u00e9, menant ses eurod\u00e9put\u00e9s \u00e0 s\u2019y opposer en bloc : atteinte \u00e0 la souverainet\u00e9 nationale en mati\u00e8re de m\u00e9dias, risque inh\u00e9rent d\u2019instrumentalisation politique et encadrement excessif du financement et de la publicit\u00e9 politique. En r\u00e9alit\u00e9, ce r\u00e8glement constitue un danger majeur pour les m\u00e9dias conservateurs ou souverainistes, ainsi que tous ceux qui ne rentrent pas dans le narratif europ\u00e9en.<\/p>\n<p><a href=\"https:\/\/www.valeursactuelles.com\/societe\/labellisation-des-medias-lelysee-accuse-cnews-de-desinformation-et-essuie-une-pluie-de-critiques\" class=\"h-flex h-align-items-center h-border-tb h-ptb-15\" target=\"_blank\" rel=\"noopener\">A\u00a0LIRE\u00a0Labellisation des m\u00e9dias : l\u2019Elys\u00e9e accuse CNews de \u00ab d\u00e9sinformation \u00bb et essuie une pluie de critiques<\/a><\/p>\n<p>Emmanuel Macron nous l\u2019a d\u00e9montr\u00e9 une fois encore la semaine derni\u00e8re : il est sous pression, sous pression int\u00e9rieure, mais aussi sous pression d\u2019un dispositif r\u00e9glementaire europ\u00e9en comme le r\u00e8glement sur la libert\u00e9 des m\u00e9dias (EMFA, d\u00e9j\u00e0 nomm\u00e9), et comme le r\u00e8glement sur les Services num\u00e9riques (DSA). Les jeunes g\u00e9n\u00e9rations ne vont plus \u00e0 la source d\u2019informations dans les \u00ab\u00a0m\u00e9dias \u00e0 labelliser\u00a0\u00bb \u00e9trill\u00e9s par Emmanuel Macron :\u00a0 ceux-ci sont plus friands de r\u00e9seaux sociaux qui les informent et les distraient.<\/p>\n<p><a href=\"https:\/\/www.valeursactuelles.com\/clubvaleurs\/culture\/label-des-medias-vers-un-ministere-de-la-verite\" class=\"h-flex h-align-items-center h-border-tb h-ptb-15\" target=\"_blank\" rel=\"noopener\">A\u00a0LIRE\u00a0Label des m\u00e9dias : vers un minist\u00e8re de la v\u00e9rit\u00e9 ?<\/a>Des \u00ab\u00a0signaleurs de confiance\u00a0\u00bb partisans<\/p>\n<p>Or ce r\u00e8glement, en vigueur depuis novembre 2022 avec le blanc-seing de 7 eurod\u00e9put\u00e9s Les R\u00e9publicains sur 8 et l\u2019abstention des eurod\u00e9put\u00e9s RN, vise \u00e0 contraindre les plateformes num\u00e9riques comme Facebook, X ou Instagram \u00e0 mod\u00e9rer leurs contenus. Cette mod\u00e9ration des contenus fran\u00e7ais dits \u00ab\u00a0illicites\u00a0\u00bb ou \u00ab\u00a0haineux\u00a0\u00bb se fera sous l\u2019\u0153il ac\u00e9r\u00e9 de \u00ab\u00a0signaleurs de confiance\u00a0\u00bb. D\u00e9sign\u00e9s par l\u2019Arcom, la CGT, SOS racisme, le Planning Familial et d\u2019autres pr\u00e9sident \u00e0 la d\u00e9tection et la notification de discours de haine, lesquels ne sont d\u2019ailleurs m\u00eame pas d\u00e9finis dans le r\u00e8glement !<\/p>\n<p>Les m\u00e9dias traditionnels et num\u00e9riques se doivent d\u2019informer de mani\u00e8re fiable, v\u00e9rifi\u00e9e et compr\u00e9hensible : c\u2019est entendu. Les r\u00e9seaux sociaux favorisent la diss\u00e9mination de cyberattaques, de r\u00e9seaux de trafic sexuel ou d\u2019incitations terroristes qui constituent des crimes objectifs et doivent \u00eatre punis s\u00e9v\u00e8rement : c\u2019est entendu. Cependant, en cons\u00e9quence de ces dispositions fran\u00e7aises t\u00e9l\u00e9guid\u00e9es par la Commission europ\u00e9enne, la libert\u00e9 d\u2019expression, libert\u00e9 inali\u00e9nable, n\u2019a jamais \u00e9t\u00e9 aussi contrainte et censur\u00e9e. Le moyen de la prot\u00e9ger ne peut en aucun cas justifier sa mise sous contrainte.<\/p>\n","protected":false},"excerpt":{"rendered":"Une fois encore sous l\u2019influence de la Commission europ\u00e9enne, le pr\u00e9sident Macron annonce vouloir \u201clabelliser les m\u00e9dias fran\u00e7ais\u201d,&hellip;\n","protected":false},"author":2,"featured_media":584773,"comment_status":"","ping_status":"","sticky":false,"template":"","format":"standard","meta":{"footnotes":""},"categories":[1586],"tags":[11,1073,1777,674,1779,1011,27,474,10402,12,25,1778,364,2544],"class_list":{"0":"post-584772","1":"post","2":"type-post","3":"status-publish","4":"format-standard","5":"has-post-thumbnail","7":"category-europe","8":"tag-actualites","9":"tag-emmanuel-macron","10":"tag-eu","11":"tag-europe","12":"tag-european-union","13":"tag-fr","14":"tag-france","15":"tag-liberte-dexpression","16":"tag-liberte-de-la-presse","17":"tag-news","18":"tag-republique-francaise","19":"tag-ue","20":"tag-union-europeenne","21":"tag-ursula-von-der-leyen"},"share_on_mastodon":{"url":"https:\/\/pubeurope.com\/@fr\/115679802441968879","error":""},"_links":{"self":[{"href":"https:\/\/www.europesays.com\/fr\/wp-json\/wp\/v2\/posts\/584772","targetHints":{"allow":["GET"]}}],"collection":[{"href":"https:\/\/www.europesays.com\/fr\/wp-json\/wp\/v2\/posts"}],"about":[{"href":"https:\/\/www.europesays.com\/fr\/wp-json\/wp\/v2\/types\/post"}],"author":[{"embeddable":true,"href":"https:\/\/www.europesays.com\/fr\/wp-json\/wp\/v2\/users\/2"}],"replies":[{"embeddable":true,"href":"https:\/\/www.europesays.com\/fr\/wp-json\/wp\/v2\/comments?post=584772"}],"version-history":[{"count":0,"href":"https:\/\/www.europesays.com\/fr\/wp-json\/wp\/v2\/posts\/584772\/revisions"}],"wp:featuredmedia":[{"embeddable":true,"href":"https:\/\/www.europesays.com\/fr\/wp-json\/wp\/v2\/media\/584773"}],"wp:attachment":[{"href":"https:\/\/www.europesays.com\/fr\/wp-json\/wp\/v2\/media?parent=584772"}],"wp:term":[{"taxonomy":"category","embeddable":true,"href":"https:\/\/www.europesays.com\/fr\/wp-json\/wp\/v2\/categories?post=584772"},{"taxonomy":"post_tag","embeddable":true,"href":"https:\/\/www.europesays.com\/fr\/wp-json\/wp\/v2\/tags?post=584772"}],"curies":[{"name":"wp","href":"https:\/\/api.w.org\/{rel}","templated":true}]}}