{"id":584778,"date":"2025-12-07T18:56:11","date_gmt":"2025-12-07T18:56:11","guid":{"rendered":"https:\/\/www.europesays.com\/fr\/584778\/"},"modified":"2025-12-07T18:56:11","modified_gmt":"2025-12-07T18:56:11","slug":"la-reaction-atterrante-de-sergio-aguero-apres-une-blague-raciste-dun-streamer-argentin-sur-france-senegal","status":"publish","type":"post","link":"https:\/\/www.europesays.com\/fr\/584778\/","title":{"rendered":"La r\u00e9action atterrante de Sergio Ag\u00fcero apr\u00e8s une blague raciste d\u2019un streamer argentin sur France-S\u00e9n\u00e9gal"},"content":{"rendered":"<p class=\"paragraph text_align_left lp-f-body-02\">Apr\u00e8s <a href=\"https:\/\/www.leparisien.fr\/sports\/football\/les-joueurs-argentins-reprennent-un-chant-raciste-visant-mbappe-et-lequipe-de-france-16-07-2024-Q36BWRHKMRF3TEQHO2CLTRY7LI.php\" target=\"_blank\" rel=\"noreferrer noopener\">le chant raciste d\u2019Enzo Fernandez<\/a>, le fou rire de Sergio Ag\u00fcero sur une blague raciste. Et \u00e0 chaque fois, les m\u00eames sous-entendus. Invit\u00e9 dans un live avec plusieurs streamers argentins, l\u2019ancien attaquant de Manchester City a explos\u00e9 de rire lorsque d\u2019un des participants a parl\u00e9 d\u2019un match de \u00ab l\u2019\u00e9quipe premi\u00e8re contre l\u2019\u00e9quipe r\u00e9serve \u00bb en parlant du <a href=\"https:\/\/www.leparisien.fr\/sports\/football\/coupe-du-monde\/coupe-du-monde-2026-dates-horaires-viles-et-stades-le-calendrier-complet-de-lequipe-de-france-06-12-2025-CVKSYI4XFJHCPFSWFDO5MVQRFI.php\" target=\"_blank\" rel=\"noreferrer noopener\">futur match France-S\u00e9n\u00e9gal<\/a> \u00e0 la Coupe du monde 2026 (les deux nations ont \u00e9t\u00e9 tir\u00e9es dans le m\u00eame groupe).<\/p>\n<p class=\"paragraph text_align_left lp-f-body-02\">Ces propos rappellent forc\u00e9ment ceux de l\u2019affaire du chant raciste entonn\u00e9 par de joueurs de l\u2019\u00e9quipe d\u2019Argentine, film\u00e9 par Enzo Fernandez apr\u00e8s leur victoire \u00e0 la Copa America, visant les joueurs de <a href=\"https:\/\/www.leparisien.fr\/sports\/football\/equipe-de-france\/\" target=\"_blank\" rel=\"noreferrer noopener\">l\u2019\u00e9quipe de France<\/a>.<\/p>\n<p class=\"paragraph text_align_left lp-f-body-02\">\u00ab Ils jouent pour la France mais viennent d\u2019Angola, ils vont bien courir, ils aiment ba**er des trans. Leur m\u00e8re est nig\u00e9riane, leur p\u00e8re est cambodgien mais sur le passeport : fran\u00e7ais \u00bb, avaient notamment chant\u00e9 plusieurs joueurs de l\u2019Albiceleste.<\/p>\n","protected":false},"excerpt":{"rendered":"Apr\u00e8s le chant raciste d\u2019Enzo Fernandez, le fou rire de Sergio Ag\u00fcero sur une blague raciste. Et \u00e0&hellip;\n","protected":false},"author":2,"featured_media":584779,"comment_status":"","ping_status":"","sticky":false,"template":"","format":"standard","meta":{"footnotes":""},"categories":[4],"tags":[11,451,63,1011,27,12,25,60],"class_list":{"0":"post-584778","1":"post","2":"type-post","3":"status-publish","4":"format-standard","5":"has-post-thumbnail","7":"category-france","8":"tag-actualites","9":"tag-coupe-du-monde","10":"tag-football","11":"tag-fr","12":"tag-france","13":"tag-news","14":"tag-republique-francaise","15":"tag-sports"},"share_on_mastodon":{"url":"https:\/\/pubeurope.com\/@fr\/115679814135651469","error":""},"_links":{"self":[{"href":"https:\/\/www.europesays.com\/fr\/wp-json\/wp\/v2\/posts\/584778","targetHints":{"allow":["GET"]}}],"collection":[{"href":"https:\/\/www.europesays.com\/fr\/wp-json\/wp\/v2\/posts"}],"about":[{"href":"https:\/\/www.europesays.com\/fr\/wp-json\/wp\/v2\/types\/post"}],"author":[{"embeddable":true,"href":"https:\/\/www.europesays.com\/fr\/wp-json\/wp\/v2\/users\/2"}],"replies":[{"embeddable":true,"href":"https:\/\/www.europesays.com\/fr\/wp-json\/wp\/v2\/comments?post=584778"}],"version-history":[{"count":0,"href":"https:\/\/www.europesays.com\/fr\/wp-json\/wp\/v2\/posts\/584778\/revisions"}],"wp:featuredmedia":[{"embeddable":true,"href":"https:\/\/www.europesays.com\/fr\/wp-json\/wp\/v2\/media\/584779"}],"wp:attachment":[{"href":"https:\/\/www.europesays.com\/fr\/wp-json\/wp\/v2\/media?parent=584778"}],"wp:term":[{"taxonomy":"category","embeddable":true,"href":"https:\/\/www.europesays.com\/fr\/wp-json\/wp\/v2\/categories?post=584778"},{"taxonomy":"post_tag","embeddable":true,"href":"https:\/\/www.europesays.com\/fr\/wp-json\/wp\/v2\/tags?post=584778"}],"curies":[{"name":"wp","href":"https:\/\/api.w.org\/{rel}","templated":true}]}}