{"id":584781,"date":"2025-12-07T18:59:16","date_gmt":"2025-12-07T18:59:16","guid":{"rendered":"https:\/\/www.europesays.com\/fr\/584781\/"},"modified":"2025-12-07T18:59:16","modified_gmt":"2025-12-07T18:59:16","slug":"le-stade-toulousain-va-rapatrier-un-joueur-plus-tot-que-prevu","status":"publish","type":"post","link":"https:\/\/www.europesays.com\/fr\/584781\/","title":{"rendered":"Le Stade Toulousain va rapatrier un joueur plus t\u00f4t que pr\u00e9vu !"},"content":{"rendered":"<p>O\u00f9 \u00e9voluera Valentin Delpy la saison prochaine ?<\/p>\n<p>Selon les informations de <a href=\"https:\/\/www.ladepeche.fr\/2025\/12\/07\/info-la-depeche-stade-toulousain-valentin-delpy-vers-un-retour-la-saison-prochaine-13095587.php\" target=\"_blank\" rel=\"noopener\">La D\u00e9p\u00eache<\/a>, la r\u00e9ponse ne devrait plus tarder. Actuellement pr\u00eat\u00e9 \u00e0 Colomiers en Pro D2, l\u2019ouvreur de 22 ans \u2014 capable \u00e9galement d\u2019\u00e9voluer \u00e0 l\u2019arri\u00e8re \u2014 est sous contrat avec le Stade Toulousain jusqu\u2019en 2028.<\/p>\n<p>Un nouveau pr\u00eat pour la saison 2026-2027 avait \u00e9t\u00e9 envisag\u00e9 ces derni\u00e8res semaines, mais la tendance a chang\u00e9.<\/p>\n<p><strong>Colomiers voulait le garder\u2026 mais Toulouse a d\u2019autres plans<\/strong><\/p>\n<p>Tr\u00e8s satisfait des performances du jeune Ari\u00e9geois, le staff colum\u00e9rin esp\u00e9rait logiquement prolonger son s\u00e9jour \u00e0 Michel-Bendichou. Delpy a en effet pris part \u00e0 huit rencontres depuis septembre, s\u2019imposant comme un \u00e9l\u00e9ment pr\u00e9cieux au sein de l\u2019effectif colum\u00e9rin.<\/p>\n<p>Mais ce sc\u00e9nario ne cadre plus avec la volont\u00e9 du Stade Toulousain. Le club \u00ab\u00a0rouge et noir\u00a0\u00bb souhaite r\u00e9cup\u00e9rer son joueur \u00e0 temps plein d\u00e8s l\u2019\u00e9t\u00e9 prochain, consid\u00e9rant qu\u2019il est d\u00e9sormais pr\u00eat \u00e0 int\u00e9grer durablement le groupe professionnel.<\/p>\n<p><strong>Des allers-retours avant un retour d\u00e9finitif \u00e0 Toulouse<\/strong><\/p>\n<p>Remis \u00e0 la disposition du Stade Toulousain lors des p\u00e9riodes de doublons, Delpy avait d\u00e9j\u00e0 retrouv\u00e9 les Rouge et Noir pour affronter Montauban lors de la 10e journ\u00e9e. Il sera \u00e9galement rappel\u00e9 pendant le Tournoi des VI Nations, preuve de l\u2019importance grandissante que lui accorde le staff toulousain.<\/p>\n<p>Cons\u00e9quence logique : l\u2019aventure en Pro D2 ne devrait pas s\u2019\u00e9terniser. Sauf retournement de situation, Delpy devrait r\u00e9int\u00e9grer d\u00e9finitivement Toulouse \u00e0 l\u2019issue de la saison, refermant son passage colum\u00e9rin.<\/p>\n<p><strong>Un avenir qui s\u2019\u00e9claircit<\/strong><\/p>\n<p>Entre d\u00e9veloppement acc\u00e9l\u00e9r\u00e9 en Pro D2 et volont\u00e9 affirm\u00e9e du Stade Toulousain, Valentin Delpy semble d\u00e9sormais destin\u00e9 \u00e0 franchir un cap au plus haut niveau. Reste \u00e0 savoir quel r\u00f4le lui r\u00e9servera Ugo Mola dans un secteur des ouvreurs d\u00e9j\u00e0 tr\u00e8s concurrentiel\u2026 mais o\u00f9 les opportunit\u00e9s ne manquent jamais.<\/p>\n","protected":false},"excerpt":{"rendered":"O\u00f9 \u00e9voluera Valentin Delpy la saison prochaine ? Selon les informations de La D\u00e9p\u00eache, la r\u00e9ponse ne devrait&hellip;\n","protected":false},"author":2,"featured_media":584782,"comment_status":"","ping_status":"","sticky":false,"template":"","format":"standard","meta":{"footnotes":""},"categories":[1416],"tags":[1011,27,479,1468,60],"class_list":{"0":"post-584781","1":"post","2":"type-post","3":"status-publish","4":"format-standard","5":"has-post-thumbnail","7":"category-rugby","8":"tag-fr","9":"tag-france","10":"tag-rugby","11":"tag-rugby-football","12":"tag-sports"},"share_on_mastodon":{"url":"https:\/\/pubeurope.com\/@fr\/115679826132596929","error":""},"_links":{"self":[{"href":"https:\/\/www.europesays.com\/fr\/wp-json\/wp\/v2\/posts\/584781","targetHints":{"allow":["GET"]}}],"collection":[{"href":"https:\/\/www.europesays.com\/fr\/wp-json\/wp\/v2\/posts"}],"about":[{"href":"https:\/\/www.europesays.com\/fr\/wp-json\/wp\/v2\/types\/post"}],"author":[{"embeddable":true,"href":"https:\/\/www.europesays.com\/fr\/wp-json\/wp\/v2\/users\/2"}],"replies":[{"embeddable":true,"href":"https:\/\/www.europesays.com\/fr\/wp-json\/wp\/v2\/comments?post=584781"}],"version-history":[{"count":0,"href":"https:\/\/www.europesays.com\/fr\/wp-json\/wp\/v2\/posts\/584781\/revisions"}],"wp:featuredmedia":[{"embeddable":true,"href":"https:\/\/www.europesays.com\/fr\/wp-json\/wp\/v2\/media\/584782"}],"wp:attachment":[{"href":"https:\/\/www.europesays.com\/fr\/wp-json\/wp\/v2\/media?parent=584781"}],"wp:term":[{"taxonomy":"category","embeddable":true,"href":"https:\/\/www.europesays.com\/fr\/wp-json\/wp\/v2\/categories?post=584781"},{"taxonomy":"post_tag","embeddable":true,"href":"https:\/\/www.europesays.com\/fr\/wp-json\/wp\/v2\/tags?post=584781"}],"curies":[{"name":"wp","href":"https:\/\/api.w.org\/{rel}","templated":true}]}}