{"id":584783,"date":"2025-12-07T19:00:18","date_gmt":"2025-12-07T19:00:18","guid":{"rendered":"https:\/\/www.europesays.com\/fr\/584783\/"},"modified":"2025-12-07T19:00:18","modified_gmt":"2025-12-07T19:00:18","slug":"numero-5-mondial-chez-les-juniors-yannick-alexandrescu-va-representer-la-france","status":"publish","type":"post","link":"https:\/\/www.europesays.com\/fr\/584783\/","title":{"rendered":"num\u00e9ro 5 mondial chez les juniors, Yannick Alexandrescu va repr\u00e9senter la France"},"content":{"rendered":"<p>Num\u00e9ro 5 mondial chez les juniors et quart de finaliste \u00e0 Roland-Garros chez les jeunes cette ann\u00e9e, Yannick Alexandrescu (17 ans) a choisi de repr\u00e9senter la France d\u00e8s la saison prochaine. Il s&rsquo;entra\u00eenera au Centre National d&rsquo;Entra\u00eenement \u00e0 Paris.<\/p>\n<p>Un grand espoir du tennis rejoint la France. Ce week-end, Yannick Alexandrescu a officiellement annonc\u00e9 qu&rsquo;il repr\u00e9senterait la France la saison prochaine. Originaire de Roumanie, le joueur de 17 ans est num\u00e9ro 5 mondial chez les juniors, et a notamment atteint les quarts de finale en simple et en double \u00e0 <a href=\"https:\/\/rmcsport.bfmtv.com\/tennis\/roland-garros\/tirage-au-sort-places-limitees-nouveautes-le-mode-d-emploi-et-les-dates-de-la-billetterie-de-roland-garros-2026_AV-202511060776.html\" title=\"Tirage au sort, places limit\u00e9es, nouveaut\u00e9s... le mode d&#039;emploi et les dates de la billetterie de Roland-Garros 2026\" class=\"internal_link\" target=\"_blank\" rel=\"noopener\">Roland-Garros<\/a> cette ann\u00e9e.<\/p>\n<p>\u00ab\u00a0Je suis heureux d\u2019annoncer que je repr\u00e9senterai d\u00e9sormais la France. Au-del\u00e0 d\u2019avoir la nationalit\u00e9, la culture fran\u00e7aise fait partie de moi depuis toujours. Je m\u2019entra\u00eenerai d\u00e9sormais \u00e0 Paris, au Centre National d\u2019Entra\u00eenement. Fier et impatient d\u2019ouvrir ce nouveau chapitre\u00a0\u00bb, a-t-il \u00e9crit sur les r\u00e9seaux sociaux.<\/p>\n<p>Droitier, Yannick Alexandrescu a d\u00e9montr\u00e9 ses qualit\u00e9s sur terre battue. Outre son parcours \u00e0 Roland-Garros, il a \u00e9t\u00e9 finaliste aux championnats d&rsquo;Europe juniors \u00e0 Mehrleben et a atteint plusieurs finales sur ocre. Il a r\u00e9cemment \u00e9t\u00e9 finaliste aux Finals Juniors de Chengdu sur dur, la derni\u00e8re comp\u00e9tition o\u00f9 il repr\u00e9sentait la Roumanie, son pays de naissance. En 2024, il avait remport\u00e9 la m\u00e9daille d&rsquo;argent en Coupe Davis chez les jeunes<\/p>\n","protected":false},"excerpt":{"rendered":"Num\u00e9ro 5 mondial chez les juniors et quart de finaliste \u00e0 Roland-Garros chez les jeunes cette ann\u00e9e, Yannick&hellip;\n","protected":false},"author":2,"featured_media":584784,"comment_status":"","ping_status":"","sticky":false,"template":"","format":"standard","meta":{"footnotes":""},"categories":[1415],"tags":[1011,27,60,1467],"class_list":{"0":"post-584783","1":"post","2":"type-post","3":"status-publish","4":"format-standard","5":"has-post-thumbnail","7":"category-tennis","8":"tag-fr","9":"tag-france","10":"tag-sports","11":"tag-tennis"},"share_on_mastodon":{"url":"https:\/\/pubeurope.com\/@fr\/115679829884297838","error":""},"_links":{"self":[{"href":"https:\/\/www.europesays.com\/fr\/wp-json\/wp\/v2\/posts\/584783","targetHints":{"allow":["GET"]}}],"collection":[{"href":"https:\/\/www.europesays.com\/fr\/wp-json\/wp\/v2\/posts"}],"about":[{"href":"https:\/\/www.europesays.com\/fr\/wp-json\/wp\/v2\/types\/post"}],"author":[{"embeddable":true,"href":"https:\/\/www.europesays.com\/fr\/wp-json\/wp\/v2\/users\/2"}],"replies":[{"embeddable":true,"href":"https:\/\/www.europesays.com\/fr\/wp-json\/wp\/v2\/comments?post=584783"}],"version-history":[{"count":0,"href":"https:\/\/www.europesays.com\/fr\/wp-json\/wp\/v2\/posts\/584783\/revisions"}],"wp:featuredmedia":[{"embeddable":true,"href":"https:\/\/www.europesays.com\/fr\/wp-json\/wp\/v2\/media\/584784"}],"wp:attachment":[{"href":"https:\/\/www.europesays.com\/fr\/wp-json\/wp\/v2\/media?parent=584783"}],"wp:term":[{"taxonomy":"category","embeddable":true,"href":"https:\/\/www.europesays.com\/fr\/wp-json\/wp\/v2\/categories?post=584783"},{"taxonomy":"post_tag","embeddable":true,"href":"https:\/\/www.europesays.com\/fr\/wp-json\/wp\/v2\/tags?post=584783"}],"curies":[{"name":"wp","href":"https:\/\/api.w.org\/{rel}","templated":true}]}}