{"id":584787,"date":"2025-12-07T19:06:16","date_gmt":"2025-12-07T19:06:16","guid":{"rendered":"https:\/\/www.europesays.com\/fr\/584787\/"},"modified":"2025-12-07T19:06:16","modified_gmt":"2025-12-07T19:06:16","slug":"la-surprenante-reaction-des-supporters-apres-la-defaite-contre-lens","status":"publish","type":"post","link":"https:\/\/www.europesays.com\/fr\/584787\/","title":{"rendered":"La surprenante r\u00e9action des supporters apr\u00e8s la d\u00e9faite contre Lens"},"content":{"rendered":"<p>                                            Publi\u00e9 le 07\/12\/2025 \u00e0 17h01<br \/>\n                                                                                2 minutes de lecture\n                                                                    <\/p>\n<p>F\u00e9ru de sport et plus particuli\u00e8rement de ballon rond depuis ma plus tendre enfance.<\/p>\n<p>                                            Lire la suite<\/p>\n<p>Une atmosph\u00e8re de crise profonde s\u00a0\u00bbinstalle progressivement au FC Nantes apr\u00e8s la d\u00e9faite conc\u00e9d\u00e9e face au RC Lens, leader incontest\u00e9 de la Ligue 1. Cette nouvelle d\u00e9sillusion \u00e0 domicile r\u00e9v\u00e8le l&rsquo;ampleur des difficult\u00e9s que traverse le club nantais, d\u00e9sormais englu\u00e9 dans une spirale n\u00e9gative qui inqui\u00e8te l&rsquo;ensemble de l&rsquo;\u00e9cosyst\u00e8me canari. <strong>La situation comptable catastrophique<\/strong> place l&rsquo;\u00e9quipe en position de barragiste, avec la certitude d&rsquo;occuper une place rel\u00e9gable d\u00e8s ce dimanche soir. L&rsquo;entra\u00eeneur Luis Castro n&rsquo;a pas m\u00e2ch\u00e9 ses mots apr\u00e8s cette rencontre, pointant du doigt \u00e0 la fois <strong>ses joueurs et ses dirigeants<\/strong> dans une sortie m\u00e9diatique particuli\u00e8rement virulente. Sa m\u00e9taphore sur la \u00ab\u00a0Ferrari\u00a0\u00bb demand\u00e9e face au \u00ab\u00a0v\u00e9lo\u00a0\u00bb propos\u00e9 illustre parfaitement les tensions internes qui minent actuellement le club de la Beaujoire.<\/p>\n<p>                                <img decoding=\"async\" src=\"https:\/\/www.europesays.com\/fr\/wp-content\/uploads\/2025\/04\/1744123449_543_logo.png\" alt=\"Logo\"\/><\/p>\n<p>100\u20ac offerts sur ton 1er pari !<\/p>\n<p>                            <a href=\"https:\/\/www.score.fr\/redirection\/1\/\" class=\"headband-button\" target=\"_blank\" rel=\"noopener\">J&rsquo;en profite<\/a><\/p>\n<p>                                                                <img loading=\"lazy\" decoding=\"async\" src=\"https:\/\/www.europesays.com\/fr\/wp-content\/uploads\/2025\/12\/fc-nantes-la-surprenante-reaction-des-supporters-apres-la-defaite-contre-lens.jpg\" alt=\"Illustration : &quot;FC Nantes : La surprenante r\u00e9action des supporters apr\u00e8s la d\u00e9faite contre Lens&quot;\" class=\"figure-img img-fluid\" width=\"780\" height=\"478\"\/><\/p>\n<p>                                    \u00a9 Site officiel du FC Nantes                                <\/p>\n<p>Une performance insuffisante malgr\u00e9 les efforts<\/p>\n<p>La rencontre face au RC Lens a parfaitement r\u00e9sum\u00e9 les maux dont souffre actuellement le FC Nantes. Malgr\u00e9 une premi\u00e8re p\u00e9riode largement domin\u00e9e par les visiteurs lensois, <strong>les Canaris ont montr\u00e9 un visage plus conqu\u00e9rant<\/strong> lors du second acte, sans pour autant parvenir \u00e0 inverser la tendance du score final (1-2). Cette am\u00e9lioration tardive t\u00e9moigne des capacit\u00e9s r\u00e9elles de l&rsquo;effectif nantais, mais souligne \u00e9galement <strong>l&rsquo;incapacit\u00e9 chronique \u00e0 maintenir un niveau de performance<\/strong> sur l&rsquo;ensemble d&rsquo;une rencontre. L&rsquo;arriv\u00e9e de la premi\u00e8re recrue hivernale Deiver Machado, contraint d&rsquo;assister impuissant \u00e0 cette d\u00e9faite depuis les tribunes, symbolise les difficult\u00e9s du club \u00e0 renforcer efficacement son effectif. <strong>Les statistiques offensives catastrophiques<\/strong> du club, avec seulement 2,6 tirs cadr\u00e9s par match en moyenne, constituent le plus faible total du championnat et traduisent un manque criant d&rsquo;efficacit\u00e9 devant le but adverse.<\/p>\n<p>Appels d\u00e9sesp\u00e9r\u00e9s des joueurs vers la direction<\/p>\n<p>L&rsquo;apr\u00e8s-match a \u00e9t\u00e9 marqu\u00e9 par des d\u00e9clarations particuli\u00e8rement r\u00e9v\u00e9latrices de la part des joueurs nantais, qui n&rsquo;h\u00e9sitent plus \u00e0 interpeller directement <strong>la famille Kita<\/strong> pour obtenir des renforts. El Arabi s&rsquo;est montr\u00e9 particuli\u00e8rement direct en d\u00e9clarant : \u00ab\u00a0La sonnette d&rsquo;alarme est d\u00e9j\u00e0 tir\u00e9e. On a besoin de renforts, \u00e7a se voit !\u00a0\u00bb. Cette sortie publique t\u00e9moigne de l&rsquo;urgence ressentie par le vestiaire face \u00e0 une situation qui se d\u00e9grade de semaine en semaine. Lepenant a \u00e9galement abond\u00e9 dans ce sens, expliquant : \u00ab\u00a0On attend du renfort, \u00e7a ne peut que nous faire du bien, au niveau psychologique, car c&rsquo;est dur pour tout le monde\u00a0\u00bb. Ces appels publics au secours r\u00e9v\u00e8lent <strong>une fracture \u00e9vidente entre les attentes du terrain et les moyens mis \u00e0 disposition<\/strong> par la direction. La fragilisation croissante de Luis Castro, \u00e9voqu\u00e9e par Ouest-France, s&rsquo;inscrit dans ce contexte de tensions multiples qui minent l&rsquo;atmosph\u00e8re du club.<\/p>\n<p>Bienveillance surprenante des supporters malgr\u00e9 la crise<\/p>\n<p>Paradoxalement, cette nouvelle d\u00e9faite n&rsquo;a pas entam\u00e9 le soutien des supporters nantais, qui ont continu\u00e9 \u00e0 encourager leurs joueurs malgr\u00e9 la d\u00e9ception. <strong>La Brigade Loire a maintenu ses chants<\/strong> lorsque l&rsquo;\u00e9quipe est venue saluer sa tribune au coup de sifflet final, t\u00e9moignant d&rsquo;une fid\u00e9lit\u00e9 remarquable en ces temps difficiles. Cette attitude bienveillante surprend d&rsquo;autant plus que <strong>l&rsquo;\u00e9quipe conna\u00eet le pire d\u00e9but de saison de l&rsquo;\u00e8re Kita<\/strong> au niveau comptable, comme l&rsquo;a soulign\u00e9 le journaliste Simon Reungoat de Hit West. Apr\u00e8s la lourde d\u00e9faite face \u00e0 l&rsquo;Olympique Lyonnais (0-3), le vestiaire avait organis\u00e9 une \u00ab\u00a0r\u00e9union de crise\u00a0\u00bb qui n&rsquo;a visiblement pas produit les effets escompt\u00e9s sur le terrain.<\/p>\n","protected":false},"excerpt":{"rendered":"Publi\u00e9 le 07\/12\/2025 \u00e0 17h01 2 minutes de lecture F\u00e9ru de sport et plus particuli\u00e8rement de ballon rond&hellip;\n","protected":false},"author":2,"featured_media":584788,"comment_status":"","ping_status":"","sticky":false,"template":"","format":"standard","meta":{"footnotes":""},"categories":[1410],"tags":[63,1011,27,60],"class_list":{"0":"post-584787","1":"post","2":"type-post","3":"status-publish","4":"format-standard","5":"has-post-thumbnail","7":"category-football","8":"tag-football","9":"tag-fr","10":"tag-france","11":"tag-sports"},"share_on_mastodon":{"url":"https:\/\/pubeurope.com\/@fr\/115679854430124332","error":""},"_links":{"self":[{"href":"https:\/\/www.europesays.com\/fr\/wp-json\/wp\/v2\/posts\/584787","targetHints":{"allow":["GET"]}}],"collection":[{"href":"https:\/\/www.europesays.com\/fr\/wp-json\/wp\/v2\/posts"}],"about":[{"href":"https:\/\/www.europesays.com\/fr\/wp-json\/wp\/v2\/types\/post"}],"author":[{"embeddable":true,"href":"https:\/\/www.europesays.com\/fr\/wp-json\/wp\/v2\/users\/2"}],"replies":[{"embeddable":true,"href":"https:\/\/www.europesays.com\/fr\/wp-json\/wp\/v2\/comments?post=584787"}],"version-history":[{"count":0,"href":"https:\/\/www.europesays.com\/fr\/wp-json\/wp\/v2\/posts\/584787\/revisions"}],"wp:featuredmedia":[{"embeddable":true,"href":"https:\/\/www.europesays.com\/fr\/wp-json\/wp\/v2\/media\/584788"}],"wp:attachment":[{"href":"https:\/\/www.europesays.com\/fr\/wp-json\/wp\/v2\/media?parent=584787"}],"wp:term":[{"taxonomy":"category","embeddable":true,"href":"https:\/\/www.europesays.com\/fr\/wp-json\/wp\/v2\/categories?post=584787"},{"taxonomy":"post_tag","embeddable":true,"href":"https:\/\/www.europesays.com\/fr\/wp-json\/wp\/v2\/tags?post=584787"}],"curies":[{"name":"wp","href":"https:\/\/api.w.org\/{rel}","templated":true}]}}