{"id":584797,"date":"2025-12-07T19:12:17","date_gmt":"2025-12-07T19:12:17","guid":{"rendered":"https:\/\/www.europesays.com\/fr\/584797\/"},"modified":"2025-12-07T19:12:17","modified_gmt":"2025-12-07T19:12:17","slug":"on-vous-explique-le-message-de-lun-des-films-francais-les-plus-audacieux-de-ces-dernieres-annees","status":"publish","type":"post","link":"https:\/\/www.europesays.com\/fr\/584797\/","title":{"rendered":"on vous explique le message de l&rsquo;un des films fran\u00e7ais les plus audacieux de ces derni\u00e8res ann\u00e9es"},"content":{"rendered":"<p class=\"app_entry_lead\">\n                                            <a title=\"\u00a0\u00a9\u00a0\u00a9 2023 Nord-Ouest Films \/ StudioCanal \/ France 2 Cin\u00e9ma \/ Art\u00e9mis Productions\" href=\"https:\/\/img-4.linternaute.com\/URHLfzSk3HbuhCwwtjM0NvywFI8=\/1240x\/smart\/cce396177b414b2da857bab8fddb84c4\/ccmcms-linternaute\/83456869.jpg\" class=\"fancy\" target=\"_blank\" rel=\"noopener\"><br \/>\n                            <img decoding=\"async\" alt=\"Le r\u00e8gne animal\u00a0: on vous explique le message de l'un des films fran\u00e7ais les plus audacieux de ces derni\u00e8res ann\u00e9es\" src=\"https:\/\/www.europesays.com\/fr\/wp-content\/uploads\/2025\/12\/83456869.jpg\" width=\"&quot;540&quot;\" height=\"&quot;360&quot;\"\/><br \/>\n                        <\/a><br \/>\n                                        Sorti en 2023, \u00ab\u00a0Le r\u00e8gne animal\u00a0\u00bb est un film fantastique fran\u00e7ais \u00e9tonnant qui a remport\u00e9 cinq C\u00e9sars.\n                <\/p>\n<p>                <a class=\"tv-broadcast__channel-logo\" title=\"France 2\" href=\"https:\/\/www.linternaute.com\/television\/programme-france-2\/\" target=\"_blank\" rel=\"noopener\"><br \/>\n                    <img decoding=\"async\" alt=\"France 2\" src=\"https:\/\/www.europesays.com\/fr\/wp-content\/uploads\/2025\/12\/4.png\"\/><br \/>\n                <\/a><\/p>\n<p>\n                        France 2<br \/>\n                        Dimanche 7 d\u00e9cembre \u00e0 21h10\n                    <\/p>\n<p>\n                        16\/9 | Interdit aux moins de 10 ans\n                    <\/p>\n<p>Le cin\u00e9ma fran\u00e7ais a parfois mauvaise presse : on a trop tendance \u00e0 le r\u00e9sumer \u00e0 ses com\u00e9dies. Mais chaque ann\u00e9e, plusieurs autres types de longs-m\u00e9trages ambitieux et audacieux sortent dans les salles obscures. En 2023, le public s&rsquo;est d&rsquo;ailleurs laiss\u00e9 s\u00e9duire par\u00a0Le R\u00e8gne animal. R\u00e9alis\u00e9 par Thomas Cailley, ce film fantastique raconte comment un p\u00e8re (Romain Duris) et son fils (Paul Kircher) se battent pour survivre dans un monde o\u00f9 des gens se transforment en animaux<\/p>\n<p>Le R\u00e8gne animal\u00a0est visuellement audacieux et tr\u00e8s riche dans son propos : cette fable est une m\u00e9taphore du passage de l&rsquo;enfance \u00e0 l&rsquo;\u00e2ge adulte, et du r\u00f4le du parent qui doit accepter de laisser son enfant grandir et partir. C&rsquo;est \u00e9galement une critique de la soci\u00e9t\u00e9, qui rejette les cr\u00e9atures traqu\u00e9es et d\u00e9shumanis\u00e9es parce qu&rsquo;elle ne les comprend pas, et de l&rsquo;importance de se reconnecter \u00e0 la nature et \u00e0 une forme de vie plus instinctive. T\u00e9moin de son ambition formelle,\u00a0Le R\u00e8gne animal\u00a0a remport\u00e9 cinq C\u00e9sars en 2024 (il faisait face cette ann\u00e9e \u00e0\u00a0Anatomie d&rsquo;une chute) :\u00a0Meilleurs costumes, Meilleur son, Meilleurs effets visuels, Meilleure musique originale et Meilleure photographie.\u00a0<\/p>\n<p>Explications et analyse du\u00a0R\u00e8gne animal<\/p>\n<p>Si vous n&rsquo;avez pas tout compris au\u00a0R\u00e8gne animal\u00a0ni \u00e0 sa morale, nous vous proposons une analyse qui vient expliquer les enjeux du long-m\u00e9trage.\u00a0<strong>Attention, la suite contient des spoilers.\u00a0<\/strong>On d\u00e9couvre rapidement au d\u00e9but du film que non seulement la m\u00e8re du h\u00e9ros est contamin\u00e9e (et port\u00e9e disparue), mais que l&rsquo;adolescent est lui aussi en phase de transformation. Il s&rsquo;agit ici d&rsquo;une m\u00e9taphore de la pubert\u00e9 et des changements physiques et mentaux de l&rsquo;adolescence, \u00e0 travers une identit\u00e9 minoritaire et la diff\u00e9rence. D&rsquo;abord mal dans sa peau et dans sa vie, Emile finit par assumer sa nouvelle identit\u00e9 et \u00eatre lib\u00e9r\u00e9e en devenant qui l est r\u00e9ellement. A l&rsquo;inverse, son p\u00e8re apprend au cours du r\u00e9cit qu&rsquo;aimer, ce n&rsquo;est pas gu\u00e9rir, prot\u00e9ger ou poss\u00e9der, mais accepter.\u00a0Le R\u00e8gne animal\u00a0est donc \u00e0 la fois un r\u00e9cit d&rsquo;initiation, une fable \u00e9cologique et une critique sociale, avec l&rsquo;aspect fantastique comme m\u00e9taphore.<\/p>\n<p><a id=\"synopsis\" name=\"synopsis\"><strong>Synopsis<\/strong><\/a> &#8211; Alors qu&rsquo;un mal myst\u00e9rieux transforme des humains en animaux, un homme tente de trouver un rem\u00e8de afin de sauver son \u00e9pouse, elle-m\u00eame contamin\u00e9e.<\/p>\n","protected":false},"excerpt":{"rendered":"Sorti en 2023, \u00ab\u00a0Le r\u00e8gne animal\u00a0\u00bb est un film fantastique fran\u00e7ais \u00e9tonnant qui a remport\u00e9 cinq C\u00e9sars. France&hellip;\n","protected":false},"author":2,"featured_media":584798,"comment_status":"","ping_status":"","sticky":false,"template":"","format":"standard","meta":{"footnotes":""},"categories":[1354],"tags":[69823,51761,58,59,61918,1346,51763,1011,27,1360,51767],"class_list":{"0":"post-584797","1":"post","2":"type-post","3":"status-publish","4":"format-standard","5":"has-post-thumbnail","7":"category-films","8":"tag-cms-linternaute-3543083","9":"tag-controller-content","10":"tag-divertissement","11":"tag-entertainment","12":"tag-film-fantastique","13":"tag-films","14":"tag-format-papier","15":"tag-fr","16":"tag-france","17":"tag-movies","18":"tag-parallaxeinfeed"},"share_on_mastodon":{"url":"https:\/\/pubeurope.com\/@fr\/115679878445560752","error":""},"_links":{"self":[{"href":"https:\/\/www.europesays.com\/fr\/wp-json\/wp\/v2\/posts\/584797","targetHints":{"allow":["GET"]}}],"collection":[{"href":"https:\/\/www.europesays.com\/fr\/wp-json\/wp\/v2\/posts"}],"about":[{"href":"https:\/\/www.europesays.com\/fr\/wp-json\/wp\/v2\/types\/post"}],"author":[{"embeddable":true,"href":"https:\/\/www.europesays.com\/fr\/wp-json\/wp\/v2\/users\/2"}],"replies":[{"embeddable":true,"href":"https:\/\/www.europesays.com\/fr\/wp-json\/wp\/v2\/comments?post=584797"}],"version-history":[{"count":0,"href":"https:\/\/www.europesays.com\/fr\/wp-json\/wp\/v2\/posts\/584797\/revisions"}],"wp:featuredmedia":[{"embeddable":true,"href":"https:\/\/www.europesays.com\/fr\/wp-json\/wp\/v2\/media\/584798"}],"wp:attachment":[{"href":"https:\/\/www.europesays.com\/fr\/wp-json\/wp\/v2\/media?parent=584797"}],"wp:term":[{"taxonomy":"category","embeddable":true,"href":"https:\/\/www.europesays.com\/fr\/wp-json\/wp\/v2\/categories?post=584797"},{"taxonomy":"post_tag","embeddable":true,"href":"https:\/\/www.europesays.com\/fr\/wp-json\/wp\/v2\/tags?post=584797"}],"curies":[{"name":"wp","href":"https:\/\/api.w.org\/{rel}","templated":true}]}}