{"id":584799,"date":"2025-12-07T19:13:14","date_gmt":"2025-12-07T19:13:14","guid":{"rendered":"https:\/\/www.europesays.com\/fr\/584799\/"},"modified":"2025-12-07T19:13:14","modified_gmt":"2025-12-07T19:13:14","slug":"leffet-spectaculaire-du-mais-sur-la-ponte-en-plein-hiver","status":"publish","type":"post","link":"https:\/\/www.europesays.com\/fr\/584799\/","title":{"rendered":"l&rsquo;effet spectaculaire du ma\u00efs sur la ponte en plein hiver"},"content":{"rendered":"<p itemprop=\"description\">En plein hiver, vos pondoirs restent<br \/>\nd\u00e9sesp\u00e9r\u00e9ment vides alors que vos poules semblent en parfaite<br \/>\nsant\u00e9. Et si un simple ingr\u00e9dient cach\u00e9 dans votre cuisine<br \/>\nchangeait la donne pour leurs \u0153ufs ?<\/p>\n<p>En plein hiver, beaucoup de propri\u00e9taires de poulailler se<br \/>\nretrouvent avec \u00e0 peine un \u0153uf au fond du pondoir, l\u00e0 o\u00f9, quelques<br \/>\nsemaines plus t\u00f4t, la production \u00e9tait g\u00e9n\u00e9reuse. Le froid est<br \/>\nomnipr\u00e9sent, les journ\u00e9es raccourcissent, et les poules restent<br \/>\nperch\u00e9es \u00e0 se r\u00e9chauffer plut\u00f4t que de gratter le sol. On se dit<br \/>\nqu\u00a0\u00bbil n&rsquo;y a rien \u00e0 faire, que l&rsquo;hiver met les poules en pause.<\/p>\n<p>Avant de d\u00e9voiler cet ingr\u00e9dient, il faut rappeler ce que vivent<br \/>\nles poules en saison froide. Leur m\u00e9tabolisme s&rsquo;acc\u00e9l\u00e8re pour<br \/>\nmaintenir la temp\u00e9rature corporelle, elles d\u00e9pensent davantage<br \/>\nd&rsquo;\u00e9nergie et supportent en plus une baisse de luminosit\u00e9, avec des<br \/>\njourn\u00e9es bien plus courtes. Sans apport suppl\u00e9mentaire de calories<br \/>\net de nutriments, <strong>le corps privil\u00e9gie la survie plut\u00f4t que<br \/>\nla ponte, et les \u0153ufs se font rares<\/strong>. La bonne nouvelle,<br \/>\nc&rsquo;est qu&rsquo;un simple carburantpeut renverser cette logique.<\/p>\n<p>Cet aliment devient crucial pour booster la ponte des poules en<br \/>\nhiver<\/p>\n<p>En hiver, chaque poule consacre une grande partie de son \u00e9nergie<br \/>\n\u00e0 <a href=\"https:\/\/monjardinmamaison.maison-travaux.fr\/mon-jardin-ma-maison\/animaux\/poules\/regles-dor-pour-proteger-les-poules-cet-hiver-489892.html\" target=\"_blank\" rel=\"noopener\"><br \/>\n<strong>se prot\u00e9ger du froid<\/strong><\/a>. Les sp\u00e9cialistes<br \/>\nrappellent qu&rsquo;une alimentation trop pauvre entra\u00eene non seulement<br \/>\nune baisse de ponte, mais aussi un affaiblissement du syst\u00e8me<br \/>\nimmunitaire. Les besoins caloriques augmentent, tout comme les<br \/>\nbesoins en prot\u00e9ines, indispensables \u00e0 la formation de l&rsquo;\u0153uf et au<br \/>\nrenouvellement du plumage, particuli\u00e8rement apr\u00e8s la mue.<\/p>\n<p>Les lipides jouent \u00e9galement un r\u00f4le cl\u00e9 : ils fournissent une<br \/>\n\u00e9nergie lente qui aide \u00e0 maintenir la chaleur interne. Ajouter du<br \/>\n<strong>ma\u00efs<\/strong> dans la ration augmente cet apport en<br \/>\ngraisses et aide les poules \u00e0 mieux r\u00e9sister au froid, ce qui<br \/>\nlib\u00e8re de l&rsquo;\u00e9nergie pour la production d&rsquo;\u0153ufs. Des graines<br \/>\nol\u00e9agineuses comme le tournesol ou le lin peuvent compl\u00e9ter, \u00e0<br \/>\ncondition de rester mesur\u00e9 pour ne pas surcharger la ration.<\/p>\n<p>Ma\u00efs et c\u00e9r\u00e9ales de la cuisine : les aliments miracle pour la<br \/>\nponte des poules<\/p>\n<p>Si un ingr\u00e9dient se d\u00e9tache pour soutenir la ponte en saison<br \/>\nfroide, c&rsquo;est bien le <strong>ma\u00efs<\/strong>. Cette c\u00e9r\u00e9ale est<br \/>\nriche en glucides et en lipides, un vrai concentr\u00e9 d&rsquo;\u00e9nergie<br \/>\nfacilement utilisable par les gallinac\u00e9s. Des \u00e9leveurs amateurs la<br \/>\nconsid\u00e8rent comme <strong>une v\u00e9ritable arme secr\u00e8te pour maintenir<br \/>\nune production r\u00e9guli\u00e8re<\/strong> <a href=\"https:\/\/monjardinmamaison.maison-travaux.fr\/mon-jardin-ma-maison\/animaux\/poules\/oeufs-de-vos-poules-peuvent-geler-cet-hiver-517773.html\" target=\"_blank\" rel=\"noopener\"><br \/>\nlorsqu&rsquo;il g\u00e8le<\/a>, en particulier sous forme de ma\u00efs concass\u00e9 qui<br \/>\nse dig\u00e8re tr\u00e8s bien.<\/p>\n<p>Pour rester \u00e9quilibr\u00e9e, la ration hivernale doit toutefois<br \/>\ngarder une base d&rsquo;aliment complet pour poules pondeuses,<br \/>\n<strong>riche en prot\u00e9ines, vitamines et min\u00e9raux<\/strong>, \u00e0<br \/>\nlaquelle on ajoute cette source d&rsquo;\u00e9nergie. Des conseillers en<br \/>\naviculture recommandent par exemple <strong>autour de 50 g de ma\u00efs<br \/>\nconcass\u00e9 par poule et par jour<\/strong> en compl\u00e9ment de la<br \/>\nnourriture habituelle, de pr\u00e9f\u00e9rence distribu\u00e9 en fin d&rsquo;apr\u00e8s-midi<br \/>\npour que les oiseaux se couchent le jabot bien rempli. Cette<br \/>\nquantit\u00e9 renforce l&rsquo;apport calorique sans favoriser l&rsquo;ob\u00e9sit\u00e9, qui<br \/>\nferait chuter la ponte.<\/p>\n<p>Comment \u00eatre s\u00fbr que cet aliment fasse vraiment effet<\/p>\n<p>Donner un <strong>aliment pour booster la ponte des poules en<br \/>\nhiver<\/strong> ne suffit pas si le cadre de vie ne suit pas. Les<br \/>\npoules ont besoin d&rsquo;au moins 14 heures de lumi\u00e8re pour <a href=\"https:\/\/monjardinmamaison.maison-travaux.fr\/mon-jardin-ma-maison\/animaux\/poules\/4-astuces-testees-eleveurs-relancer-ponte-poules-quelques-jours-516932.html\" target=\"_blank\" rel=\"noopener\"><br \/>\nun cycle de ponte optimal<\/a> ; une simple lampe temporis\u00e9e dans le<br \/>\npoulailler compense la r\u00e9duction des journ\u00e9es. Un abri bien isol\u00e9,<br \/>\nsans courants d&rsquo;air et maintenant une temp\u00e9rature autour de 10 \u00b0C,<br \/>\nlimite aussi les pertes de chaleur que les oiseaux doivent<br \/>\ncompenser avec leur nourriture.<\/p>\n<p>Une hygi\u00e8ne r\u00e9guli\u00e8re, avec liti\u00e8re propre, mangeoires et<br \/>\nabreuvoirs nettoy\u00e9s, soutient leur sant\u00e9 et leur syst\u00e8me<br \/>\nimmunitaire. L&rsquo;eau doit rester disponible en permanence et prot\u00e9g\u00e9e<br \/>\ndu gel, car elle entre directement dans la composition de l&rsquo;\u0153uf. On<br \/>\npeut compl\u00e9ter le <strong>ma\u00efs<\/strong> par quelques l\u00e9gumes verts,<br \/>\ndes l\u00e9gumineuses ou des restes de viande bien cuite pour l&rsquo;apport<br \/>\nen prot\u00e9ines, et par des graines germ\u00e9es particuli\u00e8rement riches en<br \/>\nvitamines, afin d&rsquo;offrir un ensemble coh\u00e9rent qui encouragera<br \/>\nvraiment la production d&rsquo;\u0153ufs malgr\u00e9 le froid.<\/p>\n","protected":false},"excerpt":{"rendered":"En plein hiver, vos pondoirs restent d\u00e9sesp\u00e9r\u00e9ment vides alors que vos poules semblent en parfaite sant\u00e9. Et si&hellip;\n","protected":false},"author":2,"featured_media":584800,"comment_status":"","ping_status":"","sticky":false,"template":"","format":"standard","meta":{"footnotes":""},"categories":[10],"tags":[1011,27,72,71,729],"class_list":{"0":"post-584799","1":"post","2":"type-post","3":"status-publish","4":"format-standard","5":"has-post-thumbnail","7":"category-sante","8":"tag-fr","9":"tag-france","10":"tag-health","11":"tag-sante","12":"tag-yout_video"},"share_on_mastodon":{"url":"https:\/\/pubeurope.com\/@fr\/115679881105003598","error":""},"_links":{"self":[{"href":"https:\/\/www.europesays.com\/fr\/wp-json\/wp\/v2\/posts\/584799","targetHints":{"allow":["GET"]}}],"collection":[{"href":"https:\/\/www.europesays.com\/fr\/wp-json\/wp\/v2\/posts"}],"about":[{"href":"https:\/\/www.europesays.com\/fr\/wp-json\/wp\/v2\/types\/post"}],"author":[{"embeddable":true,"href":"https:\/\/www.europesays.com\/fr\/wp-json\/wp\/v2\/users\/2"}],"replies":[{"embeddable":true,"href":"https:\/\/www.europesays.com\/fr\/wp-json\/wp\/v2\/comments?post=584799"}],"version-history":[{"count":0,"href":"https:\/\/www.europesays.com\/fr\/wp-json\/wp\/v2\/posts\/584799\/revisions"}],"wp:featuredmedia":[{"embeddable":true,"href":"https:\/\/www.europesays.com\/fr\/wp-json\/wp\/v2\/media\/584800"}],"wp:attachment":[{"href":"https:\/\/www.europesays.com\/fr\/wp-json\/wp\/v2\/media?parent=584799"}],"wp:term":[{"taxonomy":"category","embeddable":true,"href":"https:\/\/www.europesays.com\/fr\/wp-json\/wp\/v2\/categories?post=584799"},{"taxonomy":"post_tag","embeddable":true,"href":"https:\/\/www.europesays.com\/fr\/wp-json\/wp\/v2\/tags?post=584799"}],"curies":[{"name":"wp","href":"https:\/\/api.w.org\/{rel}","templated":true}]}}