{"id":584801,"date":"2025-12-07T19:14:11","date_gmt":"2025-12-07T19:14:11","guid":{"rendered":"https:\/\/www.europesays.com\/fr\/584801\/"},"modified":"2025-12-07T19:14:11","modified_gmt":"2025-12-07T19:14:11","slug":"avec-fonseca-de-retour-lol-a-une-fin-dannee-pour-enfin-enchainer-eurosport","status":"publish","type":"post","link":"https:\/\/www.europesays.com\/fr\/584801\/","title":{"rendered":"Avec Fonseca de retour, l&#039;OL a une fin d&#039;ann\u00e9e pour enfin encha\u00eener &#8211; Eurosport"},"content":{"rendered":"<ol>\n<li><a href=\"https:\/\/news.google.com\/rss\/articles\/CBMi_gFBVV95cUxNX0Y5R3ZTNzNxQXk5bnBRZWUxYnpfQnRMZmIzSEFkNEJvcGU4VTJLbnRCeElacDRNZ3lHRG4yRVF2eEFoZFUtd3hmcEszTG5udEd3d00tYkwwNVVIWmdqd0xhZmZzWlhJc3NyS3VsR1NMMlpHWTc0RUotd29CbjgwVm1vaHN3eHJqMTZtY25GX3dFeG5YeEZmRXRiY3ZERkUzZWJ4RjdKa04wRFRadFoxZUxPbmQwUm9aTnNmUU9ibUpCaTVjTHZHQ010a0R0MVpVY2RxSVZLV0p6Q2xVaWgtd3FRQ1hDRUt4UTNJTEY0dkFuc3hPa2R1TC1mVUpHdw?oc=5\" target=\"_blank\" rel=\"noopener\">Avec Fonseca de retour, l&rsquo;OL a une fin d&rsquo;ann\u00e9e pour enfin encha\u00eener<\/a>&nbsp;&nbsp;Eurosport<\/li>\n<li><a href=\"https:\/\/news.google.com\/rss\/articles\/CBMi3gFBVV95cUxORnpfVktfR2FhR0JXUEtjdjAzUm1vYlV5MmdQTlZnUnlTS3VrelJTTXBleWE3Q2lkaldsR29aaDNad25VVjFNaGtFZThXcE03RnMtMFhET1BrQWFIYkJlNkxWbDFuSHNCQ0tvTDdoYUgzU2xvZTl5U0lNV1FOMzdBQ05wa2pGSG1JSlFXWjdoa3ZNS0NGeVprRW1OMlp2Vi1UeHNSRXRpQUtqNmVWekp5Z0FkZG0wdHMtWk1YSS1aSm9uNEFPeVZEcUlOWllRV0E3aC1LSnRWSzhIWGhnVFE?oc=5\" target=\"_blank\" rel=\"noopener\">Retour de disgr\u00e2ce pour Paulo Fonseca, l&rsquo;entra\u00eeneur de l&rsquo;OL : \u00ab Je continue \u00e0 ressentir de l&rsquo;injustice \u00bb<\/a>&nbsp;&nbsp;L&rsquo;\u00c9quipe<\/li>\n<li><a href=\"https:\/\/news.google.com\/rss\/articles\/CBMi6gFBVV95cUxOSTNQblpJTERuaGpZazJKRm43RXlfNzVPNlF5dmVVQUxEVWRMTElPNlZtLW1sTXQ4bVI4Qmw2TFNCOE82V2xYWGcwazBmLWI4TFoxc3hZMW1VSW1ibWsySzJ0OVNIWHFpWGp4bmN6aXQxbEUzM0NRWEZKSzQyNWM2cnZCalJlektaZjdQRVEwVjMzdWhJc2JNckREdnlpcWxGUkxBeDR3WjlNUDNWVElaWFY3UE5UcTRSWG1DMV9zMENHZVNoZWZlZC1kQThhSHllbnhkVkwyVmhTWEFSR1h1akxVeTJuRmdZdkHSAegBQVVfeXFMUGd3Ykk4QU1tSXQza2dZTmZveVZZSHV1MXRrajFQT0w1SFdjeGJrSXFZNTh0Mm81ZjBZeWs0TUZIUWFtbFlTb3p0ZG4wS3djMnA3MV9OM0FQSnFkY0JFbzFoOHJrbUZEeUVSWUtZVUlpaFF2ZVQ5OGctU2VnTGRrMXVKaGdTdGxpRFBUenY1ZW1ydHowMXBuREZOX0M5NDYwRldmV29nWHpvRm4zRGNpUWdvQUZnZU11RlViXzR1eWVYYi1jeFp2YnNxTy1NUkNtcWhTMFE0SFNINDFXR29JY1dpUFBFaFJheQ?oc=5\" target=\"_blank\" rel=\"noopener\">OL : Fonseca de retour sur le banc en Ligue 1, neuf mois apr\u00e8s : Sports &#8211; Orange<\/a>&nbsp;&nbsp;Sports &#8211; Orange<\/li>\n<li><a href=\"https:\/\/news.google.com\/rss\/articles\/CBMi8wFBVV95cUxPYVQ5OGtQU2NTSldtWXd1eWtXbkJ6cXRNdXZXZkRheXRQTVotSHJnQ2RLR0FHSWdrcXNJekZLejZ3dmMtZmFmSGJ2UG1ya2V2bEU1d0tWU1Bzd1VDZDVHWU9pbEJWZVFqZ2RkTzRTSks4UjlrajBWaGRtampsX3g2TWtrMWNxd1o2SkZVbmFCQVZGM2JyVWZHSHYwMS13aXNZamdPWmxtb0gwN0hIa2ZpdjJsOFdLQm9uZzVlelVHZE1YMzFLV01seGt3aFRMdEtkWWE3YWo0Z0Z4eVhUMEpPRGJZRFlZLWhDMUpYUWZiYzhTcmc?oc=5\" target=\"_blank\" rel=\"noopener\">EN DIRECT Lorient &#8211; OL : Lyon veut marquer le coup pour le grand retour de \u2026<\/a>&nbsp;&nbsp;20 Minutes<\/li>\n<li><a href=\"https:\/\/news.google.com\/rss\/articles\/CBMihAFBVV95cUxQOC1mMUdZZVU1dmNGTEZHVEREUFJ6ZWtwM2JYNjNoc3ROZV9YZ3BZVHJVNlZSemEzYmtQRlAwa3B0RjN2WjZ4ZVVpNlc2c0J6dzZBSTc2YXFyaUJvdTN3UEdUWXVtNks2a3I0M1dIQ2hYcWZJT3RJQ2ZIY0JLZW1IM1p4WEM?oc=5\" target=\"_blank\" rel=\"noopener\">EN DIRECT &#8211; Lorient-Lyon : l\u2019OL veut c\u00e9l\u00e9brer le retour de Fonseca sur le banc<\/a>&nbsp;&nbsp;Le Figaro<\/li>\n<\/ol>\n","protected":false},"excerpt":{"rendered":"Avec Fonseca de retour, l&rsquo;OL a une fin d&rsquo;ann\u00e9e pour enfin encha\u00eener&nbsp;&nbsp;Eurosport Retour de disgr\u00e2ce pour Paulo Fonseca,&hellip;\n","protected":false},"author":2,"featured_media":395849,"comment_status":"","ping_status":"","sticky":false,"template":"","format":"standard","meta":{"footnotes":""},"categories":[9],"tags":[1011,27,60],"class_list":{"0":"post-584801","1":"post","2":"type-post","3":"status-publish","4":"format-standard","5":"has-post-thumbnail","7":"category-sports","8":"tag-fr","9":"tag-france","10":"tag-sports"},"share_on_mastodon":{"url":"https:\/\/pubeurope.com\/@fr\/115679885062016051","error":""},"_links":{"self":[{"href":"https:\/\/www.europesays.com\/fr\/wp-json\/wp\/v2\/posts\/584801","targetHints":{"allow":["GET"]}}],"collection":[{"href":"https:\/\/www.europesays.com\/fr\/wp-json\/wp\/v2\/posts"}],"about":[{"href":"https:\/\/www.europesays.com\/fr\/wp-json\/wp\/v2\/types\/post"}],"author":[{"embeddable":true,"href":"https:\/\/www.europesays.com\/fr\/wp-json\/wp\/v2\/users\/2"}],"replies":[{"embeddable":true,"href":"https:\/\/www.europesays.com\/fr\/wp-json\/wp\/v2\/comments?post=584801"}],"version-history":[{"count":0,"href":"https:\/\/www.europesays.com\/fr\/wp-json\/wp\/v2\/posts\/584801\/revisions"}],"wp:featuredmedia":[{"embeddable":true,"href":"https:\/\/www.europesays.com\/fr\/wp-json\/wp\/v2\/media\/395849"}],"wp:attachment":[{"href":"https:\/\/www.europesays.com\/fr\/wp-json\/wp\/v2\/media?parent=584801"}],"wp:term":[{"taxonomy":"category","embeddable":true,"href":"https:\/\/www.europesays.com\/fr\/wp-json\/wp\/v2\/categories?post=584801"},{"taxonomy":"post_tag","embeddable":true,"href":"https:\/\/www.europesays.com\/fr\/wp-json\/wp\/v2\/tags?post=584801"}],"curies":[{"name":"wp","href":"https:\/\/api.w.org\/{rel}","templated":true}]}}