{"id":584810,"date":"2025-12-07T19:19:19","date_gmt":"2025-12-07T19:19:19","guid":{"rendered":"https:\/\/www.europesays.com\/fr\/584810\/"},"modified":"2025-12-07T19:19:19","modified_gmt":"2025-12-07T19:19:19","slug":"fete-des-lumieres-a-lyon-entre-polemiques-et-avis-negatifs-la-place-des-terreaux-desole","status":"publish","type":"post","link":"https:\/\/www.europesays.com\/fr\/584810\/","title":{"rendered":"F\u00eate des Lumi\u00e8res \u00e0 Lyon. Entre pol\u00e9miques et avis n\u00e9gatifs, la place des Terreaux d\u00e9sole"},"content":{"rendered":"<p>                    Par<br \/>\n        <strong><br \/>\n            <a href=\"https:\/\/actu.fr\/auteur\/ludivine-caporal\" title=\"Consulter tous les articles de Ludivine Caporal\" target=\"_blank\" rel=\"noopener\">Ludivine Caporal<\/a><br \/>\n                    <\/strong><\/p>\n<p>        Publi\u00e9 le<\/p>\n<p>            7 d\u00e9c. 2025 \u00e0 16h54        <\/p>\n<p>Des regards g\u00ean\u00e9s, des pouffements de rire et des spectateurs qui s\u2019en vont aussi vite qu\u2019ils sont arriv\u00e9s une fois le show termin\u00e9\u2009: c\u2019est globalement ce que provoque, cette ann\u00e9e, l\u2019illumination choisie pour la <a href=\"https:\/\/actu.fr\/auvergne-rhone-alpes\/lyon_69123\/direct-fete-des-lumieres-2025-a-lyon-avis-photos-suivez-la-premiere-soiree-d-illuminations_63535306.html\" target=\"_blank\" rel=\"noopener\">F\u00eate des Lumi\u00e8res<\/a> sur la place des Terreaux, \u00e0 <a href=\"https:\/\/actu.fr\/auvergne-rhone-alpes\/lyon_69123\" target=\"_blank\" rel=\"noopener\">Lyon<\/a>.<\/p>\n<p class=\" wall-content\">L\u2019\u0153uvre \u00ab\u2009Le lundi c\u2019est raviolis\u2009!\u2009\u00bb, r\u00e9alis\u00e9e par le collectif \u00ab\u2009Tigrelab\u2009\u00bb dans le but de rendre un <strong>hommage \u00ab\u2009d\u00e9cal\u00e9\u2009\u00bb \u00e0 la gastronomie,<\/strong> peine malheureusement \u00e0 convaincre. Pire\u2009: elle se retrouve chahut\u00e9e par plusieurs pol\u00e9miques.<\/p>\n<p>\u00ab\u2009C\u2019est quoi ce truc\u2009?\u2009\u00bb<\/p>\n<p class=\" wall-content\">\u00ab\u2009C\u2019est original\u2009\u00bb, glissent timidement plusieurs visiteurs au micro de notre r\u00e9daction, avant d\u2019avouer hors champ <strong>ne pas vraiment avoir \u00e9t\u00e9 emball\u00e9s<\/strong> mais ne pas vouloir \u00ab\u2009\u00eatre m\u00e9chants\u2009\u00bb.<\/p>\n<p class=\" wall-content\">Si certaines familles avec enfants semblent tout de m\u00eame avoir appr\u00e9ci\u00e9 le spectacle, qui joue avec de nombreuses couleurs et diff\u00e9rents ingr\u00e9dients culinaires, l\u2019ambiance g\u00e9n\u00e9rale penche plut\u00f4t vers le n\u00e9gatif. \u00ab\u2009C\u2019est quoi ce truc\u2009?\u2009\u00bb \u00ab\u2009C\u2019est nul\u2009\u00bb, \u00ab\u2009Ce n\u2019est pas \u00e0 la hauteur de la F\u00eate des Lumi\u00e8res\u2009\u00bb, t\u00e9moignent de nombreux visiteurs.<\/p>\n<p class=\" wall-content\">\n<p class=\" wall-content\">\n<p>Gr\u00e9gory Doucet s\u00e9duit<\/p>\n<p class=\" wall-content\">Le c\u00f4t\u00e9 \u00ab\u2009loufoque\u2009\u00bb de l\u2019\u0153uvre, en tout cas, divise grandement. Il y a ceux qui aiment, et ceux qui ont l\u2019impression de se retrouver <strong>\u00ab\u2009coinc\u00e9 \u00e0 table avec un tonton aux blagues bien lourdes\u2009\u00bb.<\/strong><\/p>\n<p class=\" wall-content\">Le maire de Lyon, Gr\u00e9gory Doucet, fait partie de la premi\u00e8re cat\u00e9gorie. \u00ab\u2009C\u2019est tr\u00e8s chouette de pouvoir rendre hommage \u00e0 la gastronomie lyonnaise, puisqu\u2019on voit nos m\u00e8res lyonnaises repr\u00e9sent\u00e9es, et d\u2019en parler avec humour sur un ton tr\u00e8s d\u00e9cal\u00e9. Je pense que tout le monde s\u2019est bien amus\u00e9\u2009\u00bb, affirmait-il lors de la toute premi\u00e8re repr\u00e9sentation, vendredi soir.<\/p>\n<p class=\" wall-content\">\n<p>Votre r\u00e9gion, votre actu !<\/p>\n<p>Recevez chaque jour les infos qui comptent pour vous.<\/p>\n<p>\t<a href=\"https:\/\/actu.fr\/newsletter\" class=\"ac-btn ac-btn--corner ac-btn--medium ac-btn--blue800\" target=\"_blank\" rel=\"noopener\">S&rsquo;incrire<\/a><br \/>\nLa pol\u00e9mique du couscous<\/p>\n<p class=\" wall-content\">Mais s\u2019il n\u2019est pas inhabituel que les \u0153uvres choisies pour la F\u00eate des Lumi\u00e8res ne fassent pas l\u2019unanimit\u00e9, des pol\u00e9miques inattendues se sont invit\u00e9es pour cette \u00e9dition 2025, dont l\u2019une <strong>lanc\u00e9e par l\u2019extr\u00eame droite.<\/strong><\/p>\n<p class=\" wall-content\">En effet, l\u2019un des plats mis en avant par l\u2019illumination, \u00e0 savoir le couscous, a <a href=\"https:\/\/actu.fr\/auvergne-rhone-alpes\/lyon_69123\/fete-des-lumieres-de-lyon-l-extreme-droite-a-deteste-cette-illumination-voici-pourquoi_63540314.html\" target=\"_blank\" rel=\"noopener\">fortement d\u00e9plu \u00e0 toute une partie de la classe politique et militante<\/a>, estimant que celui-ci ne repr\u00e9sentait en rien la gastronomie fran\u00e7aise et le prenant comme un affront.<\/p>\n<p class=\" wall-content\">Pour couronner le tout, <a href=\"https:\/\/actu.fr\/auvergne-rhone-alpes\/lyon_69123\/lyon-des-slogans-anti-police-projetes-sur-une-oeuvre-mettent-le-feu-a-la-fete-des-lumieres_63542382.html\" target=\"_blank\" rel=\"noopener\">des projections sauvages anti-RN et anti-police<\/a> par le groupe \u00ab\u2009Les Soul\u00e8vements de la Terre\u2009\u00bb, envoy\u00e9es \u00e0 la fin du spectacle sur les m\u00eames b\u00e2timents illumin\u00e9s de la place des Terreaux, ont mis le feu aux poudres samedi soir. Difficile donc, pour l\u2019\u0153uvre, de continuer \u00e0 briller apr\u00e8s autant de difficult\u00e9s\u2026<\/p>\n<p class=\" wall-content\">Personnalisez votre actualit\u00e9 en ajoutant vos villes et m\u00e9dias en favori avec <a href=\"https:\/\/moncompte.actu.fr\" title=\"D\u00e9couvez Mon Actu\" rel=\"nofollow noopener\" data-trk=\"{&quot;cta&quot;:{&quot;action&quot;:&quot;https:\\\/\\\/moncompte.actu.fr&quot;,&quot;category&quot;:&quot;mon compte&quot;,&quot;from&quot;:&quot;article footer&quot;,&quot;name&quot;:&quot;Mon actu&quot;,&quot;type&quot;:&quot;cta&quot;}}\" target=\"_blank\">Mon Actu<\/a>.<\/p>\n","protected":false},"excerpt":{"rendered":"Par Ludivine Caporal Publi\u00e9 le 7 d\u00e9c. 2025 \u00e0 16h54 Des regards g\u00ean\u00e9s, des pouffements de rire et&hellip;\n","protected":false},"author":2,"featured_media":584811,"comment_status":"","ping_status":"","sticky":false,"template":"","format":"standard","meta":{"footnotes":""},"categories":[4],"tags":[11,48837,1011,27,1661,1652,12,24442,25],"class_list":{"0":"post-584810","1":"post","2":"type-post","3":"status-publish","4":"format-standard","5":"has-post-thumbnail","7":"category-france","8":"tag-actualites","9":"tag-fete-des-lumieres-de-lyon","10":"tag-fr","11":"tag-france","12":"tag-gastronomie","13":"tag-loisirs-culture","14":"tag-news","15":"tag-place-des-terreaux","16":"tag-republique-francaise"},"share_on_mastodon":{"url":"https:\/\/pubeurope.com\/@fr\/115679904683536305","error":""},"_links":{"self":[{"href":"https:\/\/www.europesays.com\/fr\/wp-json\/wp\/v2\/posts\/584810","targetHints":{"allow":["GET"]}}],"collection":[{"href":"https:\/\/www.europesays.com\/fr\/wp-json\/wp\/v2\/posts"}],"about":[{"href":"https:\/\/www.europesays.com\/fr\/wp-json\/wp\/v2\/types\/post"}],"author":[{"embeddable":true,"href":"https:\/\/www.europesays.com\/fr\/wp-json\/wp\/v2\/users\/2"}],"replies":[{"embeddable":true,"href":"https:\/\/www.europesays.com\/fr\/wp-json\/wp\/v2\/comments?post=584810"}],"version-history":[{"count":0,"href":"https:\/\/www.europesays.com\/fr\/wp-json\/wp\/v2\/posts\/584810\/revisions"}],"wp:featuredmedia":[{"embeddable":true,"href":"https:\/\/www.europesays.com\/fr\/wp-json\/wp\/v2\/media\/584811"}],"wp:attachment":[{"href":"https:\/\/www.europesays.com\/fr\/wp-json\/wp\/v2\/media?parent=584810"}],"wp:term":[{"taxonomy":"category","embeddable":true,"href":"https:\/\/www.europesays.com\/fr\/wp-json\/wp\/v2\/categories?post=584810"},{"taxonomy":"post_tag","embeddable":true,"href":"https:\/\/www.europesays.com\/fr\/wp-json\/wp\/v2\/tags?post=584810"}],"curies":[{"name":"wp","href":"https:\/\/api.w.org\/{rel}","templated":true}]}}