{"id":584814,"date":"2025-12-07T19:21:53","date_gmt":"2025-12-07T19:21:53","guid":{"rendered":"https:\/\/www.europesays.com\/fr\/584814\/"},"modified":"2025-12-07T19:21:53","modified_gmt":"2025-12-07T19:21:53","slug":"saint-etienne-une-initiative-pour-responsabiliser-les-cyclistes","status":"publish","type":"post","link":"https:\/\/www.europesays.com\/fr\/584814\/","title":{"rendered":"Saint-\u00c9tienne. Une initiative pour responsabiliser les cyclistes"},"content":{"rendered":"<p>Jeudi 4\u00a0d\u00e9cembre, l\u2019op\u00e9ration \u00ab\u00a0Cyclistes, brillez\u00a0!\u00a0\u00bb, a \u00e9t\u00e9 men\u00e9e par l\u2019association Ociv\u00e9lo sur le parvis de la gare de Ch\u00e2teaucreux, en fin de journ\u00e9e. Entre chien et loup, le moment o\u00f9 les cyclistes sont le plus vuln\u00e9rables. \u00ab\u00a0Nous les sensibilisons sur leur visibilit\u00e9 qui, si elle fait d\u00e9faut, peut provoquer des accidents\u00a0\u00bb, explique Helder Perrin, salari\u00e9 de l\u2019association, en charge des&#8230;<\/p>\n","protected":false},"excerpt":{"rendered":"Jeudi 4\u00a0d\u00e9cembre, l\u2019op\u00e9ration \u00ab\u00a0Cyclistes, brillez\u00a0!\u00a0\u00bb, a \u00e9t\u00e9 men\u00e9e par l\u2019association Ociv\u00e9lo sur le parvis de la gare de&hellip;\n","protected":false},"author":2,"featured_media":584815,"comment_status":"","ping_status":"","sticky":false,"template":"","format":"standard","meta":{"footnotes":""},"categories":[9653],"tags":[1111,11,2430,7539,1777,674,1011,27,12,25,4001,7538,104,1631],"class_list":{"0":"post-584814","1":"post","2":"type-post","3":"status-publish","4":"format-standard","5":"has-post-thumbnail","7":"category-saint-etienne","8":"tag-actu","9":"tag-actualites","10":"tag-auvergne-rhone-alpes","11":"tag-edition-loire-sud","12":"tag-eu","13":"tag-europe","14":"tag-fr","15":"tag-france","16":"tag-news","17":"tag-republique-francaise","18":"tag-saint-etienne","19":"tag-saint-etienne-ville","20":"tag-societe","21":"tag-vie-associative"},"share_on_mastodon":{"url":"https:\/\/pubeurope.com\/@fr\/115679916388444470","error":""},"_links":{"self":[{"href":"https:\/\/www.europesays.com\/fr\/wp-json\/wp\/v2\/posts\/584814","targetHints":{"allow":["GET"]}}],"collection":[{"href":"https:\/\/www.europesays.com\/fr\/wp-json\/wp\/v2\/posts"}],"about":[{"href":"https:\/\/www.europesays.com\/fr\/wp-json\/wp\/v2\/types\/post"}],"author":[{"embeddable":true,"href":"https:\/\/www.europesays.com\/fr\/wp-json\/wp\/v2\/users\/2"}],"replies":[{"embeddable":true,"href":"https:\/\/www.europesays.com\/fr\/wp-json\/wp\/v2\/comments?post=584814"}],"version-history":[{"count":0,"href":"https:\/\/www.europesays.com\/fr\/wp-json\/wp\/v2\/posts\/584814\/revisions"}],"wp:featuredmedia":[{"embeddable":true,"href":"https:\/\/www.europesays.com\/fr\/wp-json\/wp\/v2\/media\/584815"}],"wp:attachment":[{"href":"https:\/\/www.europesays.com\/fr\/wp-json\/wp\/v2\/media?parent=584814"}],"wp:term":[{"taxonomy":"category","embeddable":true,"href":"https:\/\/www.europesays.com\/fr\/wp-json\/wp\/v2\/categories?post=584814"},{"taxonomy":"post_tag","embeddable":true,"href":"https:\/\/www.europesays.com\/fr\/wp-json\/wp\/v2\/tags?post=584814"}],"curies":[{"name":"wp","href":"https:\/\/api.w.org\/{rel}","templated":true}]}}