{"id":584818,"date":"2025-12-07T19:25:51","date_gmt":"2025-12-07T19:25:51","guid":{"rendered":"https:\/\/www.europesays.com\/fr\/584818\/"},"modified":"2025-12-07T19:25:51","modified_gmt":"2025-12-07T19:25:51","slug":"champigneulles-un-duo-aux-rythmes-latino-et-jazz-a-champhivernal","status":"publish","type":"post","link":"https:\/\/www.europesays.com\/fr\/584818\/","title":{"rendered":"Champigneulles. Un duo aux rythmes latino et jazz \u00e0 Champ\u2019Hivernal"},"content":{"rendered":"<p>Le duo install\u00e9 dans la cour d\u2019honneur du Ch\u00e2teau de Bas pour la 5e soir\u00e9e de Champ\u2019hivernal a fait voyager son auditoire\u00a0!<\/p>\n<p>La chanteuse espagnole Natalia Maldonado, accompagn\u00e9e \u00e0 la guitare par Bruno Tauzin, a m\u00eal\u00e9 savamment les r\u00e9pertoires \u00ab\u00a0latino-jazzy\u00a0\u00bb et les standards de jazz am\u00e9ricain en interpr\u00e9tant plusieurs titres dont \u00ab\u00a0Quisas\u00a0\u00bb, le c\u00e9l\u00e8bre et sensuel \u00ab\u00a0Besame Mucho\u00a0\u00bb mais aussi \u00ab\u00a0Love\u00a0\u00bb et \u00ab\u00a0Fly me to the Moon\u00a0\u00bb. Le public, pr\u00e9sent en nombre chaque soir depuis l\u2019ouverture des festivit\u00e9s, a chaleureusement applaudi les artistes.<\/p>\n","protected":false},"excerpt":{"rendered":"Le duo install\u00e9 dans la cour d\u2019honneur du Ch\u00e2teau de Bas pour la 5e soir\u00e9e de Champ\u2019hivernal a&hellip;\n","protected":false},"author":2,"featured_media":584819,"comment_status":"","ping_status":"","sticky":false,"template":"","format":"standard","meta":{"footnotes":""},"categories":[9635],"tags":[1111,11,13561,13560,1687,1704,1777,674,1011,27,775,1702,12,25,3140],"class_list":{"0":"post-584818","1":"post","2":"type-post","3":"status-publish","4":"format-standard","5":"has-post-thumbnail","7":"category-nancy","8":"tag-actu","9":"tag-actualites","10":"tag-cc-du-bassin-de-pompey-54b2","11":"tag-champigneulles","12":"tag-culture-loisirs","13":"tag-edition-nancy-et-agglomeration","14":"tag-eu","15":"tag-europe","16":"tag-fr","17":"tag-france","18":"tag-grand-est","19":"tag-nancy","20":"tag-news","21":"tag-republique-francaise","22":"tag-spectacle"},"share_on_mastodon":{"url":"https:\/\/pubeurope.com\/@fr\/115679932123143089","error":""},"_links":{"self":[{"href":"https:\/\/www.europesays.com\/fr\/wp-json\/wp\/v2\/posts\/584818","targetHints":{"allow":["GET"]}}],"collection":[{"href":"https:\/\/www.europesays.com\/fr\/wp-json\/wp\/v2\/posts"}],"about":[{"href":"https:\/\/www.europesays.com\/fr\/wp-json\/wp\/v2\/types\/post"}],"author":[{"embeddable":true,"href":"https:\/\/www.europesays.com\/fr\/wp-json\/wp\/v2\/users\/2"}],"replies":[{"embeddable":true,"href":"https:\/\/www.europesays.com\/fr\/wp-json\/wp\/v2\/comments?post=584818"}],"version-history":[{"count":0,"href":"https:\/\/www.europesays.com\/fr\/wp-json\/wp\/v2\/posts\/584818\/revisions"}],"wp:featuredmedia":[{"embeddable":true,"href":"https:\/\/www.europesays.com\/fr\/wp-json\/wp\/v2\/media\/584819"}],"wp:attachment":[{"href":"https:\/\/www.europesays.com\/fr\/wp-json\/wp\/v2\/media?parent=584818"}],"wp:term":[{"taxonomy":"category","embeddable":true,"href":"https:\/\/www.europesays.com\/fr\/wp-json\/wp\/v2\/categories?post=584818"},{"taxonomy":"post_tag","embeddable":true,"href":"https:\/\/www.europesays.com\/fr\/wp-json\/wp\/v2\/tags?post=584818"}],"curies":[{"name":"wp","href":"https:\/\/api.w.org\/{rel}","templated":true}]}}