{"id":584820,"date":"2025-12-07T19:27:15","date_gmt":"2025-12-07T19:27:15","guid":{"rendered":"https:\/\/www.europesays.com\/fr\/584820\/"},"modified":"2025-12-07T19:27:15","modified_gmt":"2025-12-07T19:27:15","slug":"rugby-grand-dole-etrille-nancy-dans-un-veritable-festival-offensif","status":"publish","type":"post","link":"https:\/\/www.europesays.com\/fr\/584820\/","title":{"rendered":"Rugby. Grand Dole \u00e9trille Nancy dans\u00a0un\u00a0v\u00e9ritable festival offensif"},"content":{"rendered":"<p>                             Grand Dole &#8211; Nancy 61-31 <\/p>\n<p>La logique a \u00e9t\u00e9 respect\u00e9e. Dans cette rencontre o\u00f9 il ne fallait pas arriver en retard ce sont les Lynx qui frappent en premier par l\u2019interm\u00e9diaire de l\u2019in\u00e9vitable Bidaux. \u00c0 la suite d\u2019un ballon vol\u00e9 en touche, Grand Dole d\u00e9veloppe son jeu, joue au large et prend d\u00e9j\u00e0 de vitesse la d\u00e9fense nanc\u00e9enne (2e).<\/p>\n<p>Mais les Lorrains ne se d\u00e9montent pas et proposent \u00e9galement du jeu. Sur une perte de balle des Lynx dans les 22 adverses, les visiteurs jouent ce ballon de transition et placent un contre \u00e9clair pour revenir rapidement \u00e0 hauteur gr\u00e2ce \u00e0 Fourrey (9e).<\/p>\n<p>Guigon voit triple<\/p>\n<p><a href=\"https:\/\/www.leprogres.fr\/sport\/2025\/11\/30\/grand-dole-intraitable-face-a-metz-se-met-a-l-abri-avant-la-phase-retour\" target=\"_blank\" rel=\"noopener\">Grand Dole<\/a> reprend sa marche en&#8230;<\/p>\n","protected":false},"excerpt":{"rendered":"Grand Dole &#8211; Nancy 61-31 La logique a \u00e9t\u00e9 respect\u00e9e. Dans cette rencontre o\u00f9 il ne fallait pas&hellip;\n","protected":false},"author":2,"featured_media":584821,"comment_status":"","ping_status":"","sticky":false,"template":"","format":"standard","meta":{"footnotes":""},"categories":[9635],"tags":[1111,11,47539,14809,1777,674,1011,27,775,1826,1702,12,25,479,517,45798],"class_list":{"0":"post-584820","1":"post","2":"type-post","3":"status-publish","4":"format-standard","5":"has-post-thumbnail","7":"category-nancy","8":"tag-actu","9":"tag-actualites","10":"tag-dole-bassin","11":"tag-edition-jura-nord","12":"tag-eu","13":"tag-europe","14":"tag-fr","15":"tag-france","16":"tag-grand-est","17":"tag-jura","18":"tag-nancy","19":"tag-news","20":"tag-republique-francaise","21":"tag-rugby","22":"tag-sport","23":"tag-tavaux"},"share_on_mastodon":{"url":"https:\/\/pubeurope.com\/@fr\/115679936030071651","error":""},"_links":{"self":[{"href":"https:\/\/www.europesays.com\/fr\/wp-json\/wp\/v2\/posts\/584820","targetHints":{"allow":["GET"]}}],"collection":[{"href":"https:\/\/www.europesays.com\/fr\/wp-json\/wp\/v2\/posts"}],"about":[{"href":"https:\/\/www.europesays.com\/fr\/wp-json\/wp\/v2\/types\/post"}],"author":[{"embeddable":true,"href":"https:\/\/www.europesays.com\/fr\/wp-json\/wp\/v2\/users\/2"}],"replies":[{"embeddable":true,"href":"https:\/\/www.europesays.com\/fr\/wp-json\/wp\/v2\/comments?post=584820"}],"version-history":[{"count":0,"href":"https:\/\/www.europesays.com\/fr\/wp-json\/wp\/v2\/posts\/584820\/revisions"}],"wp:featuredmedia":[{"embeddable":true,"href":"https:\/\/www.europesays.com\/fr\/wp-json\/wp\/v2\/media\/584821"}],"wp:attachment":[{"href":"https:\/\/www.europesays.com\/fr\/wp-json\/wp\/v2\/media?parent=584820"}],"wp:term":[{"taxonomy":"category","embeddable":true,"href":"https:\/\/www.europesays.com\/fr\/wp-json\/wp\/v2\/categories?post=584820"},{"taxonomy":"post_tag","embeddable":true,"href":"https:\/\/www.europesays.com\/fr\/wp-json\/wp\/v2\/tags?post=584820"}],"curies":[{"name":"wp","href":"https:\/\/api.w.org\/{rel}","templated":true}]}}