{"id":584837,"date":"2025-12-07T19:40:02","date_gmt":"2025-12-07T19:40:02","guid":{"rendered":"https:\/\/www.europesays.com\/fr\/584837\/"},"modified":"2025-12-07T19:40:02","modified_gmt":"2025-12-07T19:40:02","slug":"levenement-incontournable-paye-ton-noel-est-de-retour-a-strasbourg","status":"publish","type":"post","link":"https:\/\/www.europesays.com\/fr\/584837\/","title":{"rendered":"L&rsquo;\u00e9v\u00e9nement incontournable Paye Ton No\u00ebl est de retour \u00e0 Strasbourg !"},"content":{"rendered":"<p data-start=\"76\" data-end=\"584\" data-is-last-node=\"\" data-is-only-node=\"\">Le 3 d\u00e9cembre, N\u00f6x\u00efm\u00e4 Marley revisite Hansel et Gretel avec un show inspir\u00e9 des Contes \u00e0 Paillettes. Dans cette version joyeusement d\u00e9cal\u00e9e, les deux h\u00e9ros croisent un ogre v\u00e9g\u00e9tarien, un chihuahua persuad\u00e9 d\u2019\u00eatre un grand m\u00e9chant loup et une sorci\u00e8re farfelue. Entre rires, d\u00e9fis et complicit\u00e9, ils d\u00e9couvrent que leurs diff\u00e9rences sont une force, construisant ensemble un arc-en-ciel de valeurs comme le courage, l\u2019amiti\u00e9 ou la solidarit\u00e9. Une cr\u00e9ation color\u00e9e et inclusive qui illumine la sc\u00e8ne.<\/p>\n<ul>\n<li data-start=\"76\" data-end=\"584\">Mercredi 3 d\u00e9cembre, \u00e0 17h<\/li>\n<li data-start=\"76\" data-end=\"584\">Place Grimmeissen, 67000 Strasbourg<\/li>\n<li data-start=\"76\" data-end=\"584\"><a href=\"https:\/\/pelpass.net\/paye-ton-noel\/\" target=\"_blank\" rel=\"noopener noreferrer\">+ d\u2019infos<\/a>\n<\/li>\n<\/ul>\n<p>Du 5 au 7 d\u00e9cembre, direction la Place de Zurich pour un week-end d\u00e9jant\u00e9 !\u00a0<\/p>\n<p>Spectacles, concerts ou encore rencontres\u2026c\u2019est un week-end festif qui vous attend \u00e0 la Place de Zurich les 5, 6 et 7 d\u00e9cembre ! Rendez-vous le vendredi d\u00e8s 18h pour l\u2019inauguration. La soir\u00e9e continue avec le spectacle Spectralex \u00e0 19h, puis un concert de musiques du monde \u00e0 21h30 ! La f\u00eate continue avec le groupe La Jawaqa, qui vous invitent \u00e0 vivre la salsa comme il se doit ! Enfin, la journ\u00e9e se termine en beaut\u00e9 avec plusieurs animations pr\u00e9sent\u00e9es par la Kitschin !\u00a0<\/p>\n<p>Le lendemain, le programme est tout aussi riche :\u00a0<\/p>\n<ul>\n<li>Spectacle de rue burlesque Les Bonnasses \u00e0 17h30<\/li>\n<li>Stand-up Good Mourning \u00e0 19h10<\/li>\n<li>Concert du groupe Satellite Jockey \u00e0 20h45<\/li>\n<li>Concert et danse par La Cigu\u00eb \u00e0 22h45 !\u00a0<\/li>\n<\/ul>\n<p>Dimanche 7 d\u00e9cembre :\u00a0<\/p>\n<ul>\n<li>La journ\u00e9e commence en beaut\u00e9 \u00e0 14h30 avec un blindtest\u00a0<\/li>\n<li>Rendez-vous \u00e0 16h45 pour La chorale des Soeurs Goudron, accompagn\u00e9 d\u2019un loto !\u00a0<\/li>\n<li>Concert de Suzanne Kill \u00e0 19h\u00a0<\/li>\n<li>La journ\u00e9e se termine \u00e0 nouveau avec la Kitschine\u00a0<\/li>\n<\/ul>\n<p>Tous les \u00e9v\u00e9nements sont \u00e0 prix libres !\u00a0<\/p>\n<ul>\n<li data-start=\"76\" data-end=\"584\"><strong>Du 5 au 7 d\u00e9cembre<\/strong><\/li>\n<li data-start=\"76\" data-end=\"584\"><strong>Place de Zurich, 67000 Strasbourg<\/strong><\/li>\n<li data-start=\"76\" data-end=\"584\"><strong><a href=\"https:\/\/pelpass.net\/paye-ton-noel\/\" target=\"_blank\" rel=\"noopener noreferrer\">+ d\u2019infos<\/a><br \/>\n`<\/strong><\/li>\n<\/ul>\n<p>Le Molodo\u00ef \u00e0 Strasbourg accueille l\u2019\u00e9v\u00e9nement Paye Ton No\u00ebl du 11 au 13 d\u00e9cembre !<\/p>\n<p>Rendez-vous d\u00e8s le 11 d\u00e9cembre au Molodo\u00ef pour vivre une soir\u00e9e de folie sp\u00e9ciale camping ! Au programme : loup-garou g\u00e9ant, concours en tout genre, concerts et plein d\u2019autres animations ! L\u2019\u00e9v\u00e9nement vous conseille m\u00eame de ramener votre propre chaise de camping !\u00a0<\/p>\n<p><img loading=\"lazy\" decoding=\"async\" class=\"alignnone wp-image-204397\" src=\"https:\/\/www.europesays.com\/fr\/wp-content\/uploads\/2025\/12\/Paye-ton-noel-molodoi.jpg\" alt=\"Paye Ton No\u00ebl Strasbourg\" width=\"613\" height=\"321\"  \/><\/p>\n<p>Le jeudi 11 d\u00e9cembre, retrouvez le groupe francophone Trotoski pour un concert pop ! \u00c0 23h, place \u00e0 un karaok\u00e9 live pour vous d\u00e9cha\u00eener sur vos chansons favorites. La soir\u00e9e se termine avec une boom g\u00e9ante d\u00e8s 00h30 !\u00a0<\/p>\n<p>Vendredi 12 d\u00e9cembre, c\u2019est une soir\u00e9e 100% concerts qui vous attend !\u00a0<\/p>\n<ul>\n<li>Concert de Jim Ballon \u00e0 21h<\/li>\n<li>\u00c0 22h30, c\u2019est le groupe M\u00e9nades qui monte sur sc\u00e8ne<\/li>\n<li>Rendez-vous \u00e0 00h00 pour voir jouer le groupe Madmadmad<\/li>\n<li>Le dernier concert est donn\u00e9 \u00e0 1h20 par Sh\u00f4nagon !\u00a0<\/li>\n<\/ul>\n<p>Samedi 13 d\u00e9cembre, plusieurs concerts sont \u00e9galement propos\u00e9s : Badass Petale, Th\u00e9th\u00e9 de Wollo, Sami Galbi, et Larsen Banger se produisent sur sc\u00e8ne !\u00a0<\/p>\n<p>Attention, l\u2019entr\u00e9e au week-end est payant ! Retrouvez la billetterie juste <a href=\"https:\/\/shotgun.live\/fr\/venues\/pelpass\" target=\"_blank\" rel=\"noopener noreferrer\">ici<\/a><br \/>\n !\u00a0<\/p>\n<ul>\n<li data-start=\"76\" data-end=\"584\"><strong>Du 11 au 13 d\u00e9cembre<\/strong><\/li>\n<li data-start=\"76\" data-end=\"584\"><strong>19 Rue du Ban-de-la-Roche, 67000 Strasbourg<\/strong><\/li>\n<li data-start=\"76\" data-end=\"584\"><strong><a href=\"https:\/\/pelpass.net\/paye-ton-noel\/\" target=\"_blank\" rel=\"noopener noreferrer\">+ d\u2019infos<\/a><br \/>\n`<\/strong><\/li>\n<\/ul>\n<p>\u00a0<\/p>\n","protected":false},"excerpt":{"rendered":"Le 3 d\u00e9cembre, N\u00f6x\u00efm\u00e4 Marley revisite Hansel et Gretel avec un show inspir\u00e9 des Contes \u00e0 Paillettes. Dans&hellip;\n","protected":false},"author":2,"featured_media":584838,"comment_status":"","ping_status":"","sticky":false,"template":"","format":"standard","meta":{"footnotes":""},"categories":[2820],"tags":[1111,11,1777,674,1011,27,775,12,25,640],"class_list":{"0":"post-584837","1":"post","2":"type-post","3":"status-publish","4":"format-standard","5":"has-post-thumbnail","7":"category-strasbourg","8":"tag-actu","9":"tag-actualites","10":"tag-eu","11":"tag-europe","12":"tag-fr","13":"tag-france","14":"tag-grand-est","15":"tag-news","16":"tag-republique-francaise","17":"tag-strasbourg"},"share_on_mastodon":{"url":"","error":""},"_links":{"self":[{"href":"https:\/\/www.europesays.com\/fr\/wp-json\/wp\/v2\/posts\/584837","targetHints":{"allow":["GET"]}}],"collection":[{"href":"https:\/\/www.europesays.com\/fr\/wp-json\/wp\/v2\/posts"}],"about":[{"href":"https:\/\/www.europesays.com\/fr\/wp-json\/wp\/v2\/types\/post"}],"author":[{"embeddable":true,"href":"https:\/\/www.europesays.com\/fr\/wp-json\/wp\/v2\/users\/2"}],"replies":[{"embeddable":true,"href":"https:\/\/www.europesays.com\/fr\/wp-json\/wp\/v2\/comments?post=584837"}],"version-history":[{"count":0,"href":"https:\/\/www.europesays.com\/fr\/wp-json\/wp\/v2\/posts\/584837\/revisions"}],"wp:featuredmedia":[{"embeddable":true,"href":"https:\/\/www.europesays.com\/fr\/wp-json\/wp\/v2\/media\/584838"}],"wp:attachment":[{"href":"https:\/\/www.europesays.com\/fr\/wp-json\/wp\/v2\/media?parent=584837"}],"wp:term":[{"taxonomy":"category","embeddable":true,"href":"https:\/\/www.europesays.com\/fr\/wp-json\/wp\/v2\/categories?post=584837"},{"taxonomy":"post_tag","embeddable":true,"href":"https:\/\/www.europesays.com\/fr\/wp-json\/wp\/v2\/tags?post=584837"}],"curies":[{"name":"wp","href":"https:\/\/api.w.org\/{rel}","templated":true}]}}