{"id":584839,"date":"2025-12-07T19:41:29","date_gmt":"2025-12-07T19:41:29","guid":{"rendered":"https:\/\/www.europesays.com\/fr\/584839\/"},"modified":"2025-12-07T19:41:29","modified_gmt":"2025-12-07T19:41:29","slug":"le-marche-de-noel-de-metz-attire-t-il-vraiment-plus-de-visiteurs-que-celui-de-strasbourg","status":"publish","type":"post","link":"https:\/\/www.europesays.com\/fr\/584839\/","title":{"rendered":"Le march\u00e9 de No\u00ebl de Metz attire-t-il vraiment plus de visiteurs que celui de Strasbourg\u00a0?"},"content":{"rendered":"<p>La saison des march\u00e9s de No\u00ebl bat son plein en Alsace comme dans le reste de la France. Strasbourg, qui reste la capitale de No\u00ebl avec ses 3,4 millions de visiteurs. Pourtant, nos voisins lorrains revendiquent plus de visiteurs \u00e0 Metz. Avec 3,5 millions de visiteurs.<\/p>\n<p>Strasbourg, capitale de No\u00ebl, risque-t-elle de perdre son titre au profit de Metz\u00a0? <strong>La ville lorraine revendique en tout cas plus de visiteurs que Strasbourg pour l&rsquo;\u00e9dition 2024.<\/strong> 3,4 millions de visiteurs \u00e0 Strasbourg, contre 3,5 millions de visiteurs \u00e0 Metz, selon les municipalit\u00e9s des deux villes. L&rsquo;Alsace va-t-elle devoir c\u00e9der le titre\u00a0?<\/p>\n<p>Pas question. D&rsquo;abord parce que la capitale de No\u00ebl, ce n&rsquo;est pas qu&rsquo;une question de chiffres, mais de tradition. D&rsquo;ailleurs, quand on demande aux touristes \u00e0 Strasbourg s&rsquo;ils ont d\u00e9j\u00e0 entendu parler du march\u00e9 de No\u00ebl de Metz, ils r\u00e9pondent non dans la plupart des cas. Sur cet aspect-l\u00e0, difficile d&rsquo;\u00eatre objectif.\u00a0 Mais sur le nombre de visiteurs, c&rsquo;est autre chose. Il s&rsquo;agit de chiffres. <strong>Pour pouvoir les comparer, il faut savoir comment les visiteurs sont compt\u00e9s.<\/strong> \u00c0 Metz comme \u00e0 Strasbourg, \u00e7a passe par le t\u00e9l\u00e9phone portable, la triangulation sur les antennes d&rsquo;Orange en Lorraine et l&rsquo;ouverture d&rsquo;appli \u00e0 Strasbourg. On a donc des chiffres bruts sur le nombre de personnes pr\u00e9sentes.<\/p>\n<p>\u00c0 lire aussi   <img decoding=\"async\" src=\"https:\/\/www.europesays.com\/fr\/wp-content\/uploads\/2025\/12\/1765136488_59_400x400\" alt=\"\" style=\"--_image-preview:url('data:image\/jpeg;base64,\/9j\/2wBDACgcHiMeGSgjISMtKygwPGRBPDc3PHtYXUlkkYCZlo+AjIqgtObDoKrarYqMyP\/L2u71\/\/\/\/m8H\/\/\/\/6\/+b9\/\/j\/2wBDASstLTw1PHZBQXb4pYyl+Pj4+Pj4+Pj4+Pj4+Pj4+Pj4+Pj4+Pj4+Pj4+Pj4+Pj4+Pj4+Pj4+Pj4+Pj4+Pj4+Pj\/wAARCAAXACoDASIAAhEBAxEB\/8QAGAABAQEBAQAAAAAAAAAAAAAAAgABAwT\/xAAXEAEBAQEAAAAAAAAAAAAAAAAAAREC\/8QAFwEBAQEBAAAAAAAAAAAAAAAAAAIDAf\/EABYRAQEBAAAAAAAAAAAAAAAAAAABEf\/aAAwDAQACEQMRAD8A8RQJSjaVFjpGjG6aYzoComjnKcqTOKKVupOjLRSB\/9k=');\" loading=\"lazy\" fetchpriority=\"low\" aria-hidden=\"true\" class=\"svelte-1cksh76 rounded\" onload=\"this.__e=event\" onerror=\"this.__e=event\"\/>Pas la m\u00eame fa\u00e7on de compter en Lorraine et en Alsace<\/p>\n<p><strong>Mais comme toutes les personnes pr\u00e9sentes ne viennent pas pour le march\u00e9 de No\u00ebl, il faut mod\u00e9rer ces chiffres.<\/strong>\u00a0Et c&rsquo;est ce qui fait toute la diff\u00e9rence dans la mani\u00e8re de compter \u00e0 Metz et \u00e0 Strasbourg. \u00ab\u00a0Nous retranchons \u00e0 ce chiffre brut le nombre d&rsquo;habitants et le nombre de travailleurs de ce p\u00e9rim\u00e8tre-l\u00e0. Et nous appliquons \u00e9galement un mod\u00e9rateur pour justement, l\u00e0 aussi, d\u00e9finir plus pr\u00e9cis\u00e9ment les gens qui viennent exclusivement pour Strasbourg\u00a0\u00bb, explique Laurent de Lyon, directeur \u00e9v\u00e9nements de la ville de Strasbourg.<\/p>\n<p>En moyenne, 50\u00a0% des personnes pr\u00e9sentes dans l&rsquo;ellipse insulaire sont soustraites pour obtenir le nombre de visiteurs sur le march\u00e9 de No\u00ebl \u00e0 Strasbourg. <strong>\u00c0 Metz, cette mod\u00e9ration n&rsquo;est pas faite.<\/strong> Alors certes, le p\u00e9rim\u00e8tre est moins grand, seules les places o\u00f9 se tient le march\u00e9 de No\u00ebl sont cibl\u00e9es. Mais l\u00e0 aussi, il y a des habitants, des gens qui travaillent et des grands magasins avec beaucoup de passage juste \u00e0 c\u00f4t\u00e9.<\/p>\n<p><strong>Conclusion, on ne peut pas comparer les chiffres de Metz et de Strasbourg.<\/strong> Et pour la ville de Metz, \u00e7a va \u00eatre compliqu\u00e9 de revoir la mani\u00e8re de compter parce que \u00e7a pourrait donner l&rsquo;impression qu&rsquo;il y a une baisse de la fr\u00e9quentation sur le march\u00e9 de No\u00ebl.<\/p>\n<p>\u00c0 lire aussi   <img decoding=\"async\" src=\"https:\/\/www.europesays.com\/fr\/wp-content\/uploads\/2025\/12\/1765136489_953_400x400\" alt=\"\" style=\"--_image-preview:url('data:image\/jpeg;base64,\/9j\/2wBDACgcHiMeGSgjISMtKygwPGRBPDc3PHtYXUlkkYCZlo+AjIqgtObDoKrarYqMyP\/L2u71\/\/\/\/m8H\/\/\/\/6\/+b9\/\/j\/2wBDASstLTw1PHZBQXb4pYyl+Pj4+Pj4+Pj4+Pj4+Pj4+Pj4+Pj4+Pj4+Pj4+Pj4+Pj4+Pj4+Pj4+Pj4+Pj4+Pj4+Pj\/wAARCAAXACoDASIAAhEBAxEB\/8QAGAABAQEBAQAAAAAAAAAAAAAAAAQBAgP\/xAAYEAEBAQEBAAAAAAAAAAAAAAAAExIBAv\/EABYBAQEBAAAAAAAAAAAAAAAAAAACAf\/EABYRAQEBAAAAAAAAAAAAAAAAAAABEf\/aAAwDAQACEQMRAD8AqoUTbZsMVUbRJQoCqhRLQ2Dz71z30CYus0zQKS3RoGD\/2Q==');\" loading=\"lazy\" fetchpriority=\"low\" aria-hidden=\"true\" class=\"svelte-1cksh76 rounded\" onload=\"this.__e=event\" onerror=\"this.__e=event\"\/>\u00c0 lire aussi   <img decoding=\"async\" src=\"https:\/\/www.europesays.com\/fr\/wp-content\/uploads\/2025\/12\/1765136489_863_400x400\" alt=\"\" style=\"--_image-preview:url('data:image\/jpeg;base64,\/9j\/2wBDACgcHiMeGSgjISMtKygwPGRBPDc3PHtYXUlkkYCZlo+AjIqgtObDoKrarYqMyP\/L2u71\/\/\/\/m8H\/\/\/\/6\/+b9\/\/j\/2wBDASstLTw1PHZBQXb4pYyl+Pj4+Pj4+Pj4+Pj4+Pj4+Pj4+Pj4+Pj4+Pj4+Pj4+Pj4+Pj4+Pj4+Pj4+Pj4+Pj4+Pj\/wAARCAAXACoDASIAAhEBAxEB\/8QAFwABAQEBAAAAAAAAAAAAAAAAAAECA\/\/EABgQAQEBAQEAAAAAAAAAAAAAAAABEQIS\/8QAFQEBAQAAAAAAAAAAAAAAAAAAAAH\/xAAUEQEAAAAAAAAAAAAAAAAAAAAA\/9oADAMBAAIRAxEAPwDlamlQF1Z0wA6zpfTnGhSxmwBEwwAWRvAFf\/\/Z');\" loading=\"lazy\" fetchpriority=\"low\" aria-hidden=\"true\" class=\"svelte-1cksh76 rounded\" onload=\"this.__e=event\" onerror=\"this.__e=event\"\/><\/p>\n","protected":false},"excerpt":{"rendered":"La saison des march\u00e9s de No\u00ebl bat son plein en Alsace comme dans le reste de la France.&hellip;\n","protected":false},"author":2,"featured_media":584840,"comment_status":"","ping_status":"","sticky":false,"template":"","format":"standard","meta":{"footnotes":""},"categories":[2820],"tags":[1111,11,1777,674,1011,27,775,12,25,640],"class_list":{"0":"post-584839","1":"post","2":"type-post","3":"status-publish","4":"format-standard","5":"has-post-thumbnail","7":"category-strasbourg","8":"tag-actu","9":"tag-actualites","10":"tag-eu","11":"tag-europe","12":"tag-fr","13":"tag-france","14":"tag-grand-est","15":"tag-news","16":"tag-republique-francaise","17":"tag-strasbourg"},"share_on_mastodon":{"url":"https:\/\/pubeurope.com\/@fr\/115679992002356942","error":""},"_links":{"self":[{"href":"https:\/\/www.europesays.com\/fr\/wp-json\/wp\/v2\/posts\/584839","targetHints":{"allow":["GET"]}}],"collection":[{"href":"https:\/\/www.europesays.com\/fr\/wp-json\/wp\/v2\/posts"}],"about":[{"href":"https:\/\/www.europesays.com\/fr\/wp-json\/wp\/v2\/types\/post"}],"author":[{"embeddable":true,"href":"https:\/\/www.europesays.com\/fr\/wp-json\/wp\/v2\/users\/2"}],"replies":[{"embeddable":true,"href":"https:\/\/www.europesays.com\/fr\/wp-json\/wp\/v2\/comments?post=584839"}],"version-history":[{"count":0,"href":"https:\/\/www.europesays.com\/fr\/wp-json\/wp\/v2\/posts\/584839\/revisions"}],"wp:featuredmedia":[{"embeddable":true,"href":"https:\/\/www.europesays.com\/fr\/wp-json\/wp\/v2\/media\/584840"}],"wp:attachment":[{"href":"https:\/\/www.europesays.com\/fr\/wp-json\/wp\/v2\/media?parent=584839"}],"wp:term":[{"taxonomy":"category","embeddable":true,"href":"https:\/\/www.europesays.com\/fr\/wp-json\/wp\/v2\/categories?post=584839"},{"taxonomy":"post_tag","embeddable":true,"href":"https:\/\/www.europesays.com\/fr\/wp-json\/wp\/v2\/tags?post=584839"}],"curies":[{"name":"wp","href":"https:\/\/api.w.org\/{rel}","templated":true}]}}