{"id":584845,"date":"2025-12-07T19:44:12","date_gmt":"2025-12-07T19:44:12","guid":{"rendered":"https:\/\/www.europesays.com\/fr\/584845\/"},"modified":"2025-12-07T19:44:12","modified_gmt":"2025-12-07T19:44:12","slug":"thouare-sur-loire-du-12-au-14-decembre-un-marche-de-noel-feerique","status":"publish","type":"post","link":"https:\/\/www.europesays.com\/fr\/584845\/","title":{"rendered":"Thouar\u00e9-sur-Loire. Du 12 au 14\u00a0d\u00e9cembre\u00a0: un march\u00e9 de No\u00ebl f\u00e9erique"},"content":{"rendered":"<p>La magie de No\u00ebl s\u2019installe du 12 au 14\u00a0d\u00e9cembre. La place de la Libert\u00e9 accueille le traditionnel march\u00e9 de No\u00ebl,<\/p>\n<p>L\u2019ouverture aura lieu vendredi 12\u00a0d\u00e9cembre d\u00e8s 17\u00a0h.<\/p>\n<p>La fanfare Thouar\u00e9 M\u00e9lodie lancera les festivit\u00e9s, suivie d\u2019une d\u00e9ambulation lumineuse de la compagnie Le Passage. Un cocktail festif et un vin chaud seront offerts lors de l\u2019inauguration \u00e0 19\u00a0h.<\/p>\n<p>Les temps forts<\/p>\n<p>R\u00e2ve, le plus petit man\u00e8ge du monde, par M. Charly (samedi et dimanche, 15\u00a0h-18\u00a0h).<\/p>\n<p>Un march\u00e9 compl\u00e8tement givr\u00e9, spectacle musical de la compagnie Jacqueline Cambouis (dimanche \u00e0 12\u00a0h, 15\u00a0h\u00a030 et 17\u00a0h).<\/p>\n<p>Animations musicales\u00a0: Corac\u00e3o do Brasil samedi, concert orgue et fl\u00fbte dimanche \u00e0 l\u2019\u00e9glise.<\/p>\n<p>Les associations locales proposeront balades en cal\u00e8che, maquillage paillet\u00e9, photos avec le p\u00e8re No\u00ebl, initiations artistiques, ateliers cuisine et spectacles jeunesse.<\/p>\n<p>Programme complet sur thouare.fr.<\/p>\n<p>\u00a0<\/p>\n","protected":false},"excerpt":{"rendered":"La magie de No\u00ebl s\u2019installe du 12 au 14\u00a0d\u00e9cembre. La place de la Libert\u00e9 accueille le traditionnel march\u00e9&hellip;\n","protected":false},"author":2,"featured_media":584846,"comment_status":"","ping_status":"","sticky":false,"template":"","format":"standard","meta":{"footnotes":""},"categories":[2818],"tags":[6888,5659,1111,11,49832,1777,674,65614,1011,27,2089,766,12,15830,2636,25,8924],"class_list":{"0":"post-584845","1":"post","2":"type-post","3":"status-publish","4":"format-standard","5":"has-post-thumbnail","7":"category-nantes","8":"tag-6888","9":"tag-5659","10":"tag-actu","11":"tag-actualites","12":"tag-decembre","13":"tag-eu","14":"tag-europe","15":"tag-feerique","16":"tag-fr","17":"tag-france","18":"tag-marche","19":"tag-nantes","20":"tag-news","21":"tag-noel","22":"tag-pays-de-la-loire","23":"tag-republique-francaise","24":"tag-thouare-sur-loire"},"share_on_mastodon":{"url":"https:\/\/pubeurope.com\/@fr\/115680002992396870","error":""},"_links":{"self":[{"href":"https:\/\/www.europesays.com\/fr\/wp-json\/wp\/v2\/posts\/584845","targetHints":{"allow":["GET"]}}],"collection":[{"href":"https:\/\/www.europesays.com\/fr\/wp-json\/wp\/v2\/posts"}],"about":[{"href":"https:\/\/www.europesays.com\/fr\/wp-json\/wp\/v2\/types\/post"}],"author":[{"embeddable":true,"href":"https:\/\/www.europesays.com\/fr\/wp-json\/wp\/v2\/users\/2"}],"replies":[{"embeddable":true,"href":"https:\/\/www.europesays.com\/fr\/wp-json\/wp\/v2\/comments?post=584845"}],"version-history":[{"count":0,"href":"https:\/\/www.europesays.com\/fr\/wp-json\/wp\/v2\/posts\/584845\/revisions"}],"wp:featuredmedia":[{"embeddable":true,"href":"https:\/\/www.europesays.com\/fr\/wp-json\/wp\/v2\/media\/584846"}],"wp:attachment":[{"href":"https:\/\/www.europesays.com\/fr\/wp-json\/wp\/v2\/media?parent=584845"}],"wp:term":[{"taxonomy":"category","embeddable":true,"href":"https:\/\/www.europesays.com\/fr\/wp-json\/wp\/v2\/categories?post=584845"},{"taxonomy":"post_tag","embeddable":true,"href":"https:\/\/www.europesays.com\/fr\/wp-json\/wp\/v2\/tags?post=584845"}],"curies":[{"name":"wp","href":"https:\/\/api.w.org\/{rel}","templated":true}]}}