{"id":584859,"date":"2025-12-07T19:52:17","date_gmt":"2025-12-07T19:52:17","guid":{"rendered":"https:\/\/www.europesays.com\/fr\/584859\/"},"modified":"2025-12-07T19:52:17","modified_gmt":"2025-12-07T19:52:17","slug":"marseille-une-raclette-vue-mer-ca-vous-tente-on-a-teste-et-voici-ce-quon-en-a-pense","status":"publish","type":"post","link":"https:\/\/www.europesays.com\/fr\/584859\/","title":{"rendered":"Marseille. Une raclette vue mer, \u00e7a vous tente ? On a test\u00e9 et voici ce qu&rsquo;on en a pens\u00e9"},"content":{"rendered":"<p>                    Par<br \/>\n        <strong><br \/>\n            <a href=\"https:\/\/actu.fr\/auteur\/fabien-binacchi\" title=\"Consulter tous les articles de Fabien Binacchi\" target=\"_blank\" rel=\"noopener\">Fabien Binacchi<\/a><br \/>\n                    <\/strong><\/p>\n<p>        Publi\u00e9 le<\/p>\n<p>            6 d\u00e9c. 2025 \u00e0 11h29        <\/p>\n<p>La raclette, les pistes de ski en moins, une incroyable vue mer en plus. Depuis le jeudi 4\u00a0d\u00e9cembre 2025, \u00e0 <a href=\"https:\/\/actu.fr\/marseille\/\" target=\"_blank\" rel=\"noopener\">Marseille,<\/a> le centre commercial <a href=\"https:\/\/actu.fr\/tag\/terrasse-du-port\" target=\"_blank\" rel=\"noopener\">Les Terrasses du Port (2e)<\/a> propose une exp\u00e9rience in\u00e9dite sur ses espaces ext\u00e9rieurs\u2009: ce plat convivial de l\u2019hiver \u00e0 partager entre amis ou avec des inconnus, au d\u00e9jeuner ou au d\u00eener, dans <strong>des bulles transparentes qui surplombent la M\u00e9diterran\u00e9e.<\/strong> actu Marseille a test\u00e9 et approuv\u00e9.<\/p>\n<p>La convivialit\u00e9, avec des inconnus<\/p>\n<p class=\" wall-content\">C\u2019est de saison\u2009: le fromage coule \u00e0 flots, et surtout la raclette. Cette ann\u00e9e, jusqu\u2019au 4\u00a0janvier 2026, il est possible de venir en d\u00e9guster dans cet endroit insolite. Au deuxi\u00e8me \u00e9tage des Terrasses du Port, en ext\u00e9rieur, c\u00f4t\u00e9 mer, le centre commercial de la Joliette s\u2019est associ\u00e9 <strong>avec la fromagerie marseillaise La Meulerie<\/strong> (<a href=\"https:\/\/actu.fr\/provence-alpes-cote-d-azur\/marseille_13055\/marseille-cette-enseigne-qui-cartonne-ouvre-une-nouvelle-boutique-voici-ou-et-quand_62915978.html\" target=\"_blank\" rel=\"noopener\">une institution<\/a>) pour proposer quatre services par jour, \u00e0 midi, 14h, 19h et 21h. Une premi\u00e8re.<\/p>\n<p class=\" wall-content\">Dans un d\u00e9cor de sapins de No\u00ebl et avec un t\u00e9l\u00e9si\u00e8ge pour la photo souvenir, \u00ab\u2009nous avons install\u00e9 trois bulles qui abritent chacune une seule et unique table\u2009\u00bb, explique-t-on sur place. \u00ab\u2009Elles peuvent accueillir dix personnes s\u2019il s\u2019agit d\u2019un groupe qui r\u00e9serve en m\u00eame temps ou sinon jusqu\u2019\u00e0 huit convives.\u2009\u00bb Ici, le c\u00f4t\u00e9 convivial de la raclette est pouss\u00e9 \u00e0 son maximum\u2009: si vous venez en petit nombre, vous vous retrouverez assis <strong>avec des inconnus.<\/strong><\/p>\n<p class=\" wall-content\">Des (bonnes) rencontres en perspective\u2009? Il faudra juste bien veiller \u00e0 ne pas se faire chiper son petit po\u00ealon de fromage. On vous voit les gourmands\u2009! Les espaces de Le Meulerie raclette club, tout en transparence, sont en tout cas <strong>douillets, cosys (des plaids sont m\u00eame \u00e0 disposition) et propice aux confidences.<\/strong><\/p>\n<p>Savoureux et g\u00e9n\u00e9reux<\/p>\n<p class=\" wall-content\">Et le menu, vous l\u2019aurez compris, est unique\u2009: raclette pour tous. Pour <strong>28\u00a0euros (22\u00a0euros pour les enfants),<\/strong> \u00e0 r\u00e9gler <a href=\"https:\/\/www.billetweb.fr\/la-meulerie-raclette-club-les-terrasses-du-port?utm_source=ig&amp;utm_medium=social&amp;utm_content=link_in_bio&amp;fbclid=PAZXh0bgNhZW0CMTEAc3J0YwZhcHBfaWQMMjU2MjgxMDQwNTU4AAGnDqLzjC7bI15KzoV7TOm0P_3LfEIgZq9mrBxobZtxYD3JBwH5Yz5wM8RV-ho_aem_RyZVgtKYyjCysMYt-STVhA\" target=\"_blank\" rel=\"noopener\">au moment de la r\u00e9servation, en ligne,<\/a> tout est pr\u00e9vu.<\/p>\n<p class=\" wall-content\">Les pommes de terre, bien s\u00fbr, en quantit\u00e9, mais aussi plusieurs variantes de fromage (nature, fum\u00e9, trois poivres ou encore \u00e0 l\u2019ail des ours), de charcuterie (jambon cuit et cru, chorizo, mortadelle et rosette) et de la salade verte. Des d\u00e9clinaisons Halal (de la boucherie LM) et v\u00e9g\u00e9tarienne (avec une assiette de l\u00e9gumes antipasti) sont \u00e9galement propos\u00e9es.<\/p>\n<p class=\" wall-content\">Les raclettes, sign\u00e9es La Meulerie, sont savoureuses. Et les portions plut\u00f4t g\u00e9n\u00e9reuses. D\u2019autant plus que, <strong>sur demande, il peut vous en \u00eatre resservi,<\/strong> glisse la serveuse. Les plus gros estomacs sont rassur\u00e9s\u2009! Le prix des boissons et des desserts (on ne pense pas qu\u2019il vous restera de la place) est tr\u00e8s correct\u2009: 3 euros le soda, 6 euros le verre de vin et 9 euros le Crumble aux pommes ou le Cheesecake au citron &amp; navettes marseillaises.<\/p>\n<p>Votre r\u00e9gion, votre actu !<\/p>\n<p>Recevez chaque jour les infos qui comptent pour vous.<\/p>\n<p>\t<a href=\"https:\/\/actu.fr\/newsletter\" class=\"ac-btn ac-btn--corner ac-btn--medium ac-btn--blue800\" target=\"_blank\" rel=\"noopener\">S&rsquo;incrire<\/a><br \/>\nUne vue imprenable sur la C\u00f4te Bleue<\/p>\n<p class=\" wall-content\">Le gros plus de l\u2019exp\u00e9rience, outre le plaisir de ce plat qui r\u00e9conforte \u00e0 coup s\u00fbr, c\u2019est cette vue imprenable et unique sur la C\u00f4te Bleue, <strong>de l\u2019Estaque \u00e0 Carry-le-Rouet.<\/strong> Exotique pour une raclette. Un moment de gr\u00e2ce au coin du feu (de l\u2019appareil \u00e0 raclette).<\/p>\n<p class=\" wall-content\">Manquerait plus qu\u2019il neige pour se mettre encore plus dans l\u2019ambiance\u2009! Mais ce n\u2019est pas pour tout de suite, une vague de redoux est annonc\u00e9e\u2009: <a href=\"https:\/\/actu.fr\/provence-alpes-cote-d-azur\/marseille_13055\/meteo-a-marseille-pourquoi-les-temperatures-vont-radicalement-changer-les-previsions_63533686.html\" target=\"_blank\" rel=\"noopener\">il va faire jusqu\u2019\u00e0 18\u00b0C<\/a> la semaine prochaine \u00e0 Marseille et dans le d\u00e9partement des Bouches-du-Rh\u00f4ne.<\/p>\n<p>La Meulerie raclette club, ouvert du mardi au dimanche. S\u2019il est vivement conseill\u00e9 de r\u00e9server en amont, il est \u00e9galement possible de voir directement sur place si des couverts sont encore disponibles.<\/p>\n<p class=\" wall-content\">Personnalisez votre actualit\u00e9 en ajoutant vos villes et m\u00e9dias en favori avec <a href=\"https:\/\/moncompte.actu.fr\" title=\"D\u00e9couvez Mon Actu\" rel=\"nofollow noopener\" data-trk=\"{&quot;cta&quot;:{&quot;action&quot;:&quot;https:\\\/\\\/moncompte.actu.fr&quot;,&quot;category&quot;:&quot;mon compte&quot;,&quot;from&quot;:&quot;article footer&quot;,&quot;name&quot;:&quot;Mon actu&quot;,&quot;type&quot;:&quot;cta&quot;}}\" target=\"_blank\">Mon Actu<\/a>.<\/p>\n","protected":false},"excerpt":{"rendered":"Par Fabien Binacchi Publi\u00e9 le 6 d\u00e9c. 2025 \u00e0 11h29 La raclette, les pistes de ski en moins,&hellip;\n","protected":false},"author":2,"featured_media":584860,"comment_status":"","ping_status":"","sticky":false,"template":"","format":"standard","meta":{"footnotes":""},"categories":[2814],"tags":[1111,11,1777,674,1011,27,1757,1305,884,12,882,25,1340],"class_list":{"0":"post-584859","1":"post","2":"type-post","3":"status-publish","4":"format-standard","5":"has-post-thumbnail","7":"category-marseille","8":"tag-actu","9":"tag-actualites","10":"tag-eu","11":"tag-europe","12":"tag-fr","13":"tag-france","14":"tag-insolite","15":"tag-lifestyle","16":"tag-marseille","17":"tag-news","18":"tag-provence-alpes-cote-dazur","19":"tag-republique-francaise","20":"tag-restaurant"},"share_on_mastodon":{"url":"https:\/\/pubeurope.com\/@fr\/115680034468579223","error":""},"_links":{"self":[{"href":"https:\/\/www.europesays.com\/fr\/wp-json\/wp\/v2\/posts\/584859","targetHints":{"allow":["GET"]}}],"collection":[{"href":"https:\/\/www.europesays.com\/fr\/wp-json\/wp\/v2\/posts"}],"about":[{"href":"https:\/\/www.europesays.com\/fr\/wp-json\/wp\/v2\/types\/post"}],"author":[{"embeddable":true,"href":"https:\/\/www.europesays.com\/fr\/wp-json\/wp\/v2\/users\/2"}],"replies":[{"embeddable":true,"href":"https:\/\/www.europesays.com\/fr\/wp-json\/wp\/v2\/comments?post=584859"}],"version-history":[{"count":0,"href":"https:\/\/www.europesays.com\/fr\/wp-json\/wp\/v2\/posts\/584859\/revisions"}],"wp:featuredmedia":[{"embeddable":true,"href":"https:\/\/www.europesays.com\/fr\/wp-json\/wp\/v2\/media\/584860"}],"wp:attachment":[{"href":"https:\/\/www.europesays.com\/fr\/wp-json\/wp\/v2\/media?parent=584859"}],"wp:term":[{"taxonomy":"category","embeddable":true,"href":"https:\/\/www.europesays.com\/fr\/wp-json\/wp\/v2\/categories?post=584859"},{"taxonomy":"post_tag","embeddable":true,"href":"https:\/\/www.europesays.com\/fr\/wp-json\/wp\/v2\/tags?post=584859"}],"curies":[{"name":"wp","href":"https:\/\/api.w.org\/{rel}","templated":true}]}}