{"id":584863,"date":"2025-12-07T19:54:17","date_gmt":"2025-12-07T19:54:17","guid":{"rendered":"https:\/\/www.europesays.com\/fr\/584863\/"},"modified":"2025-12-07T19:54:17","modified_gmt":"2025-12-07T19:54:17","slug":"lyon-le-youtubeur-michou-celebre-louverture-de-son-nouveau-restaurant-fin-decembre","status":"publish","type":"post","link":"https:\/\/www.europesays.com\/fr\/584863\/","title":{"rendered":"Lyon. le youtubeur Michou c\u00e9l\u00e8bre l\u2019ouverture de son nouveau restaurant fin d\u00e9cembre"},"content":{"rendered":"<p>\u00ab\u00a0Vous \u00eates pr\u00eats les Lyonnais\u00a0?\u00a0\u00bb Michou, c\u00e9l\u00e8bre youtubeur aux 10\u00a0millions d\u2019abonn\u00e9s, a annonc\u00e9 sur le r\u00e9seau social TikTok l\u2019ouverture d\u2019un prochain restaurant Mealy. Cette cha\u00eene de fast-food, cr\u00e9\u00e9e en 2024 \u00e0 Amiens, a depuis essaim\u00e9 dans trois autres villes de France (Paris, Le\u00a0Mans et Plan de Campagne, pr\u00e8s de Marseille).<\/p>\n<p>La cinqui\u00e8me ouverture devrait avoir lieu \u00e0 Lyon le 23\u00a0d\u00e9cembre\u00a02025. Les fans de burgers auront rendez-vous au\u00a03 rue Villeneuve, dans le quatri\u00e8me arrondissement de Lyon.<\/p>\n<p>Sur le compte TikTok, l\u2019influenceur promet \u00e0 ses 500 prochains abonn\u00e9s un menu offert. De quoi d\u00e9couvrir ce nouveau restaurant \u00e0 moindre co\u00fbt.<\/p>\n","protected":false},"excerpt":{"rendered":"\u00ab\u00a0Vous \u00eates pr\u00eats les Lyonnais\u00a0?\u00a0\u00bb Michou, c\u00e9l\u00e8bre youtubeur aux 10\u00a0millions d\u2019abonn\u00e9s, a annonc\u00e9 sur le r\u00e9seau social TikTok&hellip;\n","protected":false},"author":2,"featured_media":584864,"comment_status":"","ping_status":"","sticky":false,"template":"","format":"standard","meta":{"footnotes":""},"categories":[1889],"tags":[1111,11,2430,1687,1777,674,1011,27,1036,2428,6016,12,25,104,2205],"class_list":{"0":"post-584863","1":"post","2":"type-post","3":"status-publish","4":"format-standard","5":"has-post-thumbnail","7":"category-lyon","8":"tag-actu","9":"tag-actualites","10":"tag-auvergne-rhone-alpes","11":"tag-culture-loisirs","12":"tag-eu","13":"tag-europe","14":"tag-fr","15":"tag-france","16":"tag-jeux-video","17":"tag-lyon","18":"tag-magazine-cuisine-et-vins","19":"tag-news","20":"tag-republique-francaise","21":"tag-societe","22":"tag-television-medias"},"share_on_mastodon":{"url":"https:\/\/pubeurope.com\/@fr\/115680042329901582","error":""},"_links":{"self":[{"href":"https:\/\/www.europesays.com\/fr\/wp-json\/wp\/v2\/posts\/584863","targetHints":{"allow":["GET"]}}],"collection":[{"href":"https:\/\/www.europesays.com\/fr\/wp-json\/wp\/v2\/posts"}],"about":[{"href":"https:\/\/www.europesays.com\/fr\/wp-json\/wp\/v2\/types\/post"}],"author":[{"embeddable":true,"href":"https:\/\/www.europesays.com\/fr\/wp-json\/wp\/v2\/users\/2"}],"replies":[{"embeddable":true,"href":"https:\/\/www.europesays.com\/fr\/wp-json\/wp\/v2\/comments?post=584863"}],"version-history":[{"count":0,"href":"https:\/\/www.europesays.com\/fr\/wp-json\/wp\/v2\/posts\/584863\/revisions"}],"wp:featuredmedia":[{"embeddable":true,"href":"https:\/\/www.europesays.com\/fr\/wp-json\/wp\/v2\/media\/584864"}],"wp:attachment":[{"href":"https:\/\/www.europesays.com\/fr\/wp-json\/wp\/v2\/media?parent=584863"}],"wp:term":[{"taxonomy":"category","embeddable":true,"href":"https:\/\/www.europesays.com\/fr\/wp-json\/wp\/v2\/categories?post=584863"},{"taxonomy":"post_tag","embeddable":true,"href":"https:\/\/www.europesays.com\/fr\/wp-json\/wp\/v2\/tags?post=584863"}],"curies":[{"name":"wp","href":"https:\/\/api.w.org\/{rel}","templated":true}]}}