{"id":584867,"date":"2025-12-07T19:57:11","date_gmt":"2025-12-07T19:57:11","guid":{"rendered":"https:\/\/www.europesays.com\/fr\/584867\/"},"modified":"2025-12-07T19:57:11","modified_gmt":"2025-12-07T19:57:11","slug":"quelles-perturbations-attendre-avec-la-ratp-et-la-sncf-cette-semaine-du-8-au-14-decembre","status":"publish","type":"post","link":"https:\/\/www.europesays.com\/fr\/584867\/","title":{"rendered":"Quelles perturbations attendre avec la RATP et la SNCF cette semaine du 8 au 14\u00a0d\u00e9cembre\u00a0?"},"content":{"rendered":"<p>Les f\u00eates de No\u00ebl approchent et les journ\u00e9es s\u2019intensifient, entre le travail et les pr\u00e9paratifs. Afin d\u2019appr\u00e9hender au mieux vos d\u00e9placements \u00e0 Paris et en \u00cele-de-France du 8 au 14\u00a0d\u00e9cembre 2025, voici les perturbations \u00e0 prendre en compte sur les diff\u00e9rentes lignes de transports de la capitale et sa r\u00e9gion.<\/p>\n<p>M\u00e9tro<\/p>\n<ul>\n<li>Ligne 1\u00a0: jusqu\u2019au 4\u00a0janvier, le week-end \u00e0 partir de 16 heures jusqu\u2019\u00e0 23h45, les acc\u00e8s \u00e0 la station Tuileries sont ferm\u00e9s (mesures de s\u00e9curit\u00e9).<\/li>\n<\/ul>\n<p>RER<\/p>\n<ul>\n<li>RER A\u00a0: du lundi au vendredi, \u00e0 partir de 21h50, le trafic sera interrompu entre Cergy \u2013 Le Haut et Maisons-Laffitte (travaux). Des bus de remplacement seront mis en place \u00e0 Sartrouville. Jusqu\u2019au 13\u00a0d\u00e9cembre, du mardi au samedi, le trafic sera interrompu de Cergy \u2013 Le Haut \u00e0 Maisons-Laffitte (travaux). Des bus de remplacement seront mis en place entre les deux stations.<\/li>\n<li>RER B\u00a0: du lundi au vendredi, \u00e0 partir de 22h45, le trafic sera interrompu entre Gare du Nord et A\u00e9roport Charles de Gaulle 2 \u2013 TGV \u2022 Mitry \u2013 Claye (travaux).<\/li>\n<li>RER C\u00a0: jusqu\u2019au 19\u00a0d\u00e9cembre, \u00e0 partir de 23h45, le trafic sera interrompu de Javel vers Saint-Quentin en Yvelines Report\u00a0: Ligne N, lignes de bus de ville 169 ou 171 (travaux). Du lundi\u00a01er au vendredi 19\u00a0d\u00e9cembre, sauf le samedi et le dimanche, d\u00e8s 23h45, le trafic sera interrompu entre Versailles Ch\u00e2teau Rive Gauche et Javel (travaux). Du lundi au vendredi, d\u00e8s 23h30, le trafic sera interrompu entre Gare d\u2019Austerlitz et Dourdan &#8211; Saint-Martin d\u2019\u00c9tampes (travaux). Du lundi au vendredi 19\u00a0d\u00e9cembre (23 heures), le trafic sera interrompu entre Juvisy et Paris Austerlitz. Il en va de m\u00eame entre Paris Austerlitz et Pont de Rungis. Jusqu\u2019au 11\u00a0janvier, l\u2019arr\u00eat ne sera pas desservi \u00e0 Issy vers Dourdan la For\u00eat, Saint-Martin d\u2019\u00c9tampes et Massy \u2013 Palaiseau (travaux). Dimanche 14\u00a0d\u00e9cembre, d\u00e8s 23h45, le trafic sera interrompu entre Paris Austerlitz et Dourdan\/Saint-Martin d\u2019Etampes.<\/li>\n<li>RER D\u00a0: du lundi au vendredi, d\u00e8s 23h35, le trafic sera interrompu entre Paris Gare du Nord et Creil. Jusqu\u2019au 24\u00a0d\u00e9cembre, du lundi au vendredi d\u00e8s 23h30, le trafic sera interrompu entre Gare du Nord et Gare de Lyon (travaux). Jusqu\u2019au vendredi 12\u00a0d\u00e9cembre, le trafic sera interrompu de Villeneuve S Georges vers <a href=\"https:\/\/www.20minutes.fr\/dossier\/corbeil-essonnes\" class=\"c-link c-link--is-underlined\" target=\"_blank\" rel=\"noopener\">Corbeil-Essonnes<\/a> d\u00e8s 23h15. Jusqu\u2019au 12\u00a0d\u00e9cembre, du lundi au vendredi d\u00e8s 23h20, le trafic sera interrompu entre Gare du Nord et Creil (travaux). Jusqu\u2019au vendredi 12\u00a0d\u00e9cembre, d\u00e8s 22h30, les gares entre Paris Gare de Lyon et Villeneuve Saint-Georges ne seront pas desservies. Il en va de m\u00eame pour Cr\u00e9teil Pompadour, Villeneuve Triage, Le Vert de Maisons et Maisons-Alfort. Du lundi au vendredi, \u00e0 partir de 9h30 jusqu\u2019\u00e0 16 heures, all\u00e8gement du plan de transport entre Villeneuve S Georges et Melun de circulation (1 train sur 2 terminus).<\/li>\n<li>RER E\u00a0: du lundi au vendredi \u00e0 partir de 22h45, le trafic sera interrompu entre Nanterre-la-Folie et Chelles Gournay. Jusqu\u2019au vendredi 12\u00a0d\u00e9cembre, les soirs en semaine, d\u00e8s 20h55, le trafic sera interrompu entre <a href=\"https:\/\/www.20minutes.fr\/dossier\/nanterre\" class=\"c-link c-link--is-underlined\" target=\"_blank\" rel=\"noopener\">Nanterre<\/a> \u2013 La Folie et Tournan (travaux).<\/li>\n<\/ul>\n<p>Transilien<\/p>\n<ul>\n<li>Ligne J\u00a0: jusqu\u2019au 12\u00a0d\u00e9cembre, du lundi au vendredi \u00e0 partir de 21h40, le trafic sera interrompu entre <a href=\"https:\/\/www.20minutes.fr\/dossier\/gare_saint_lazare-1\" class=\"c-link c-link--is-underlined\" target=\"_blank\" rel=\"noopener\">Gare Saint-Lazare<\/a> et Mantes-la-Jolie via <a href=\"https:\/\/www.20minutes.fr\/dossier\/poissy\" class=\"c-link c-link--is-underlined\" target=\"_blank\" rel=\"noopener\">Poissy<\/a>. Des bus de remplacement seront mis en place.<\/li>\n<li>Ligne K\u00a0: samedi 13\u00a0d\u00e9cembre, de 5 heures \u00e0 7h15, le trafic sera interrompu entre Cr\u00e9py-en-Valois et Mitry \u2013 Claye. Du 6\u00a0d\u00e9cembre au 21\u00a0d\u00e9cembre, le samedi, le trafic est interrompu entre Mitry \u2013 Claye et Cr\u00e9py-en-Valois. Des bus de remplacement seront mis en place. Le trafic est interrompu entre Cr\u00e9py-en-Valois et Mitry \u2013 Claye (travaux) du vendredi d\u00e8s 21h15 jusqu\u2019au samedi \u00e0 06h30, du vendredi 05 au samedi 20\u00a0d\u00e9cembre inclus. Des bus de remplacement seront mis en place. En semaine de soir\u00e9e jusqu\u2019au samedi matin, du lundi 19\u00a0mai au samedi 20\u00a0d\u00e9cembre, le trafic sera interrompu entre <a href=\"https:\/\/www.20minutes.fr\/dossier\/gare_du_nord\" class=\"c-link c-link--is-underlined\" target=\"_blank\" rel=\"noopener\">Gare du Nord<\/a> et Cr\u00e9py-en-Valois. Le trafic sera interrompu sur l\u2019ensemble de la ligne jusqu\u2019au vendredi 19\u00a0d\u00e9cembre inclus en semaine uniquement de 21h15 \u00e0 fin de service (travaux). Des bus de remplacement seront mis en place.<\/li>\n<li>Ligne L\u00a0: jusqu\u2019au 19\u00a0d\u00e9cembre, du lundi au vendredi d\u00e8s 21h50, le trafic sera interrompu entre Saint-Cloud et Versailles Rive Droite. Des bus de remplacement seront mis en place.<\/li>\n<li>Ligne N\u00a0: Du 8\u00a0d\u00e9cembre au 12\u00a0d\u00e9cembre inclus, du lundi au vendredi d\u00e8s 21 heures, le trafic est interrompu de <a href=\"https:\/\/www.20minutes.fr\/dossier\/gare-montparnasse\" class=\"c-link c-link--is-underlined\" target=\"_blank\" rel=\"noopener\">Gare Montparnasse<\/a> vers Mantes-la-Jolie (travaux). M\u00eame chose entre Montparnasse et Dreux d\u00e8s 22h30, et entre Rambouillet et Saint-Cyr d\u00e8s 23h30.<\/li>\n<li>Ligne P\u00a0: du lundi\u00a01er au vendredi 12\u00a0d\u00e9cembre, le trafic sera interrompu entre <a href=\"https:\/\/www.20minutes.fr\/dossier\/meaux\" class=\"c-link c-link--is-underlined\" target=\"_blank\" rel=\"noopener\">Meaux<\/a> et La Fert\u00e9-Milon \u00e0 partir de 22 heures. En semaine d\u00e8s 20h45 du 24\u00a0novembre au 19\u00a0d\u00e9cembre\u00a0: trafic interrompu entre Paris Est et Provins. Du lundi au vendredi, \u00e0 partir de 22 heures, le trafic sera interrompu entre Paris Est et Ch\u00e2teau-Thierry. En semaine d\u00e8s 21h30, jusqu\u2019au vendredi 19\u00a0d\u00e9cembre. Le trafic sera interrompu entre Paris Est et Coulommiers.<\/li>\n<li>Ligne R\u00a0: jusqu\u2019au vendredi 12\u00a0d\u00e9cembre, \u00e0 partir de 00h, le trafic sera interrompu entre Moret Veneux les S. et Montargis. Jusqu\u2019au vendredi 12\u00a0d\u00e9cembre, d\u00e8s 22 heures, le trafic sera interrompu de Montargis vers Paris <a href=\"https:\/\/www.20minutes.fr\/dossier\/gare_de_lyon\" class=\"c-link c-link--is-underlined\" target=\"_blank\" rel=\"noopener\">Gare de Lyon<\/a>. Le trafic est interrompu entre Moret Veneux les S. et Montargis du 1er au 12\u00a0d\u00e9cembre inclus en semaine uniquement de 00h \u00e0 fin de service (travaux). Des bus de remplacement seront mis en place.<\/li>\n<li>Ligne U\u00a0: du lundi\u00a01er au vendredi 19\u00a0d\u00e9cembre, d\u00e8s 22 heures en semaine, le trafic sera interrompu entre La D\u00e9fense et La Verri\u00e8re.<\/li>\n<\/ul>\n<p>Tramway<\/p>\n<ul>\n<li>T1\u00a0: le trafic sera interrompu entre <a href=\"https:\/\/www.20minutes.fr\/dossier\/asnieres\" class=\"c-link c-link--is-underlined\" target=\"_blank\" rel=\"noopener\">Asni\u00e8res<\/a> \u2013 Quatre Routes et Gare de Saint-Denis et perturb\u00e9 sur le reste de la ligne (d\u00e9gradation par un tiers \u00e0 L\u2019\u00cele-Saint-Denis). Reprise des circulations envisag\u00e9e \u00e0 l\u2019\u00e9t\u00e9\u00a02026.<\/li>\n<li>T2\u00a0: jusqu\u2019\u00e0 fin f\u00e9vrier\u00a02026, le trafic sera interrompu entre Porte de Versailles et Suzanne Lenglen (travaux de modernisation).<\/li>\n<li>Pour rejoindre la Porte de Versailles, depuis Suzanne Lenglen, rejoignez \u00e0 pied la station Balard du T3a.<\/li>\n<li>T4\u00a0: Du 8 au 12\u00a0d\u00e9cembre, le trafic sera interrompu entre les stations Gargan et <a href=\"https:\/\/www.20minutes.fr\/economie\/aulnay\/\" class=\"c-link c-link--is-underlined\" target=\"_blank\" rel=\"noopener\">Aulnay-sous-Bois<\/a> d\u00e8s 22h55 (travaux).<\/li>\n<\/ul>\n","protected":false},"excerpt":{"rendered":"Les f\u00eates de No\u00ebl approchent et les journ\u00e9es s\u2019intensifient, entre le travail et les pr\u00e9paratifs. Afin d\u2019appr\u00e9hender au&hellip;\n","protected":false},"author":2,"featured_media":584868,"comment_status":"","ping_status":"","sticky":false,"template":"","format":"standard","meta":{"footnotes":""},"categories":[1592],"tags":[1111,11,1777,674,1011,27,3314,662,12,626,625,1306,25,12396,18068,17235,6561,7759,1937,1945,2215,2221,12443,2216,1125],"class_list":{"0":"post-584867","1":"post","2":"type-post","3":"status-publish","4":"format-standard","5":"has-post-thumbnail","7":"category-ile-de-france","8":"tag-actu","9":"tag-actualites","10":"tag-eu","11":"tag-europe","12":"tag-fr","13":"tag-france","14":"tag-hauts-de-seine","15":"tag-ile-de-france","16":"tag-news","17":"tag-paris","18":"tag-ratp","19":"tag-regions","20":"tag-republique-francaise","21":"tag-rer","22":"tag-rer-a","23":"tag-rer-b","24":"tag-rer-c","25":"tag-rer-d","26":"tag-seine-et-marne","27":"tag-seine-saint-denis","28":"tag-sncf","29":"tag-tram","30":"tag-transilien","31":"tag-transports-en-commun","32":"tag-val-de-marne"},"share_on_mastodon":{"url":"https:\/\/pubeurope.com\/@fr\/115680054188184432","error":""},"_links":{"self":[{"href":"https:\/\/www.europesays.com\/fr\/wp-json\/wp\/v2\/posts\/584867","targetHints":{"allow":["GET"]}}],"collection":[{"href":"https:\/\/www.europesays.com\/fr\/wp-json\/wp\/v2\/posts"}],"about":[{"href":"https:\/\/www.europesays.com\/fr\/wp-json\/wp\/v2\/types\/post"}],"author":[{"embeddable":true,"href":"https:\/\/www.europesays.com\/fr\/wp-json\/wp\/v2\/users\/2"}],"replies":[{"embeddable":true,"href":"https:\/\/www.europesays.com\/fr\/wp-json\/wp\/v2\/comments?post=584867"}],"version-history":[{"count":0,"href":"https:\/\/www.europesays.com\/fr\/wp-json\/wp\/v2\/posts\/584867\/revisions"}],"wp:featuredmedia":[{"embeddable":true,"href":"https:\/\/www.europesays.com\/fr\/wp-json\/wp\/v2\/media\/584868"}],"wp:attachment":[{"href":"https:\/\/www.europesays.com\/fr\/wp-json\/wp\/v2\/media?parent=584867"}],"wp:term":[{"taxonomy":"category","embeddable":true,"href":"https:\/\/www.europesays.com\/fr\/wp-json\/wp\/v2\/categories?post=584867"},{"taxonomy":"post_tag","embeddable":true,"href":"https:\/\/www.europesays.com\/fr\/wp-json\/wp\/v2\/tags?post=584867"}],"curies":[{"name":"wp","href":"https:\/\/api.w.org\/{rel}","templated":true}]}}