{"id":584869,"date":"2025-12-07T19:58:10","date_gmt":"2025-12-07T19:58:10","guid":{"rendered":"https:\/\/www.europesays.com\/fr\/584869\/"},"modified":"2025-12-07T19:58:10","modified_gmt":"2025-12-07T19:58:10","slug":"revivez-la-course-qui-a-rassemble-plus-de-20-000-personnes-a-paris","status":"publish","type":"post","link":"https:\/\/www.europesays.com\/fr\/584869\/","title":{"rendered":"revivez la course qui a rassembl\u00e9 plus de 20 000 personnes \u00e0 Paris"},"content":{"rendered":"<p>                    Par<br \/>\n        <strong><br \/>\n            <a href=\"https:\/\/actu.fr\/auteur\/glenn-gillet\" title=\"Consulter tous les articles de Glenn Gillet\" target=\"_blank\" rel=\"noopener\">Glenn Gillet<\/a><br \/>\n                    <\/strong><\/p>\n<p>        Publi\u00e9 le<\/p>\n<p>            7 d\u00e9c. 2025 \u00e0 19h15        <\/p>\n<p>Ce dimanche 7\u00a0d\u00e9cembre 2025, plus de 20\u2009000 coureurs de <strong>45 nationalit\u00e9s<\/strong> se sont \u00e9lanc\u00e9s depuis la ligne de d\u00e9part du <a href=\"https:\/\/actu.fr\/ile-de-france\/paris_75056\/carte-10km-de-la-tour-eiffel-a-paris-les-restrictions-de-circulation-et-de-stationnement-pour-ce-dimanche_63540732.html\" target=\"_blank\" rel=\"noopener\">Saucony 10km de la Tour Eiffel<\/a>, pour un parcours qui les a fait passer par de nombreux <strong>lieux embl\u00e9matiques<\/strong> de la capitale, autour de la Dame de Fer\u2009: <a href=\"https:\/\/actu.fr\/ile-de-france\/paris_75056\/clotures-a-perte-de-vue-bruit-le-champ-de-mars-a-paris-un-chantier-perpetuel-qui-desespere-ses-riverains_62322265.html\" target=\"_blank\" rel=\"noopener\">Champ-de-Mars<\/a>, quais de Seine, abords de l\u2019\u00c9cole militaire\u2026 \u00ab\u2009Malgr\u00e9 une <a href=\"https:\/\/actu.fr\/meteo\/coup-de-vent-et-pluie-une-nouvelle-perturbation-touche-la-france-ce-dimanche-les-departements-en-vigilance_63540972.html\" target=\"_blank\" rel=\"noopener\">m\u00e9t\u00e9o capricieuse<\/a> et une pluie persistante tout au long de la matin\u00e9e, Paris a vibr\u00e9\u2009\u00bb pour ce \u00ab\u2009dernier grand rendez-vous running de la saison\u2009\u00bb, saluent les organisateurs.<\/p>\n<p>Une course boucl\u00e9e en moins de 30\u00a0minutes pour les meilleurs coureurs<\/p>\n<p class=\" wall-content\">29\u00a0minutes et 25 secondes apr\u00e8s le top d\u00e9part donn\u00e9 \u00e0 9h, c\u2019est le coureur marocain <strong>Brahim Bakkou<\/strong> (29\u201925\u00a0\u00bb) de l\u2019Amiens Universit\u00e9 Club Athl\u00e9tisme, qui a franchi le premier la ligne d\u2019arriv\u00e9e, suivi de pr\u00e8s par l\u2019Alg\u00e9rien Ali Messaoud (29\u201927\u00a0\u00bb) de l\u2019Athl\u00e9 Vosges Pays d\u2019\u00c9pinal, tandis que le Fran\u00e7ais Abelkarim Ben Zahra (29\u201929\u00a0\u00bb), de l\u2019Amicale Athl\u00e9tisme du Roumois, est venu compl\u00e9ter le podium.<\/p>\n<p class=\" wall-content\">C\u00f4t\u00e9 femmes, on retrouve d\u2019abord la Fran\u00e7aise <strong>Mathilde S\u00e9n\u00e9chal<\/strong> de l\u2019AJ Blois-Onzain (32\u201928\u00a0\u00bb), championne de France de marathon, suivie de la Su\u00e9doise Sanna Mustonen (33\u201944\u00a0\u00bb) de l\u2019Eskilstuna Friidrott et enfin la Fran\u00e7aise Alice Michel (33\u201953\u00a0\u00bb) du Zoom Volt Runners, club du 11e arrondissement de Paris.<\/p>\n<p class=\" wall-content\">Les organisateurs de la course indiquent que \u00ab\u2009le Saucony 10 km de la Tour Eiffel donne d\u00e9j\u00e0 <strong>rendez-vous l\u2019ann\u00e9e prochaine<\/strong> pour une \u00e9dition que l\u2019on esp\u00e8re sous un ciel plus cl\u00e9ment\u2009\u00bb.<\/p>\n<p class=\" wall-content\">Personnalisez votre actualit\u00e9 en ajoutant vos villes et m\u00e9dias en favori avec <a href=\"https:\/\/moncompte.actu.fr\" title=\"D\u00e9couvez Mon Actu\" rel=\"nofollow noopener\" data-trk=\"{&quot;cta&quot;:{&quot;action&quot;:&quot;https:\\\/\\\/moncompte.actu.fr&quot;,&quot;category&quot;:&quot;mon compte&quot;,&quot;from&quot;:&quot;article footer&quot;,&quot;name&quot;:&quot;Mon actu&quot;,&quot;type&quot;:&quot;cta&quot;}}\" target=\"_blank\">Mon Actu<\/a>.<\/p>\n","protected":false},"excerpt":{"rendered":"Par Glenn Gillet Publi\u00e9 le 7 d\u00e9c. 2025 \u00e0 19h15 Ce dimanche 7\u00a0d\u00e9cembre 2025, plus de 20\u2009000 coureurs&hellip;\n","protected":false},"author":2,"featured_media":584870,"comment_status":"","ping_status":"","sticky":false,"template":"","format":"standard","meta":{"footnotes":""},"categories":[1888],"tags":[1111,1928,11,1927,4132,1777,674,1011,27,12,1926,626,1925,25,517,60,7184],"class_list":{"0":"post-584869","1":"post","2":"type-post","3":"status-publish","4":"format-standard","5":"has-post-thumbnail","7":"category-paris","8":"tag-actu","9":"tag-actu-paris","10":"tag-actualites","11":"tag-actualites-paris","12":"tag-athletisme","13":"tag-eu","14":"tag-europe","15":"tag-fr","16":"tag-france","17":"tag-news","18":"tag-news-paris","19":"tag-paris","20":"tag-paris-news","21":"tag-republique-francaise","22":"tag-sport","23":"tag-sports","24":"tag-tour-eiffel"},"share_on_mastodon":{"url":"https:\/\/pubeurope.com\/@fr\/115680058172495110","error":""},"_links":{"self":[{"href":"https:\/\/www.europesays.com\/fr\/wp-json\/wp\/v2\/posts\/584869","targetHints":{"allow":["GET"]}}],"collection":[{"href":"https:\/\/www.europesays.com\/fr\/wp-json\/wp\/v2\/posts"}],"about":[{"href":"https:\/\/www.europesays.com\/fr\/wp-json\/wp\/v2\/types\/post"}],"author":[{"embeddable":true,"href":"https:\/\/www.europesays.com\/fr\/wp-json\/wp\/v2\/users\/2"}],"replies":[{"embeddable":true,"href":"https:\/\/www.europesays.com\/fr\/wp-json\/wp\/v2\/comments?post=584869"}],"version-history":[{"count":0,"href":"https:\/\/www.europesays.com\/fr\/wp-json\/wp\/v2\/posts\/584869\/revisions"}],"wp:featuredmedia":[{"embeddable":true,"href":"https:\/\/www.europesays.com\/fr\/wp-json\/wp\/v2\/media\/584870"}],"wp:attachment":[{"href":"https:\/\/www.europesays.com\/fr\/wp-json\/wp\/v2\/media?parent=584869"}],"wp:term":[{"taxonomy":"category","embeddable":true,"href":"https:\/\/www.europesays.com\/fr\/wp-json\/wp\/v2\/categories?post=584869"},{"taxonomy":"post_tag","embeddable":true,"href":"https:\/\/www.europesays.com\/fr\/wp-json\/wp\/v2\/tags?post=584869"}],"curies":[{"name":"wp","href":"https:\/\/api.w.org\/{rel}","templated":true}]}}