{"id":584877,"date":"2025-12-07T20:02:13","date_gmt":"2025-12-07T20:02:13","guid":{"rendered":"https:\/\/www.europesays.com\/fr\/584877\/"},"modified":"2025-12-07T20:02:13","modified_gmt":"2025-12-07T20:02:13","slug":"carte-guerre-en-ukraine-la-russie-salue-la-strategie-des-etats-unis-les-negociations-se","status":"publish","type":"post","link":"https:\/\/www.europesays.com\/fr\/584877\/","title":{"rendered":"CARTE. Guerre en Ukraine: la Russie salue la strat\u00e9gie des \u00c9tats-Unis, les n\u00e9gociations se"},"content":{"rendered":"<p><a href=\"https:\/\/rennes.maville.com\/actu\/actudet_-guerre-en-ukraine.-emmanuel-macron-a-londres-washington-pousse-l-europe-a-reprendre-l-otan...-le-point-sur-la-nuit-_54135-7097685_actu.Htm\" target=\"_self\" rel=\"noopener\">\u00c0 la veille d\u2019une nouvelle r\u00e9union entre les dirigeants fran\u00e7ais, britannique, allemand et ukrainien<\/a> lundi 8\u00a0d\u00e9cembre \u00e0 Londres, les pourparlers continuent d\u2019avancer entre les \u00c9tats-Unis et la Russie ce dimanche. Pour tous les acteurs du dossier, les efforts de diplomatie s\u2019intensifient ces derniers jours\u00a0: Emmanuel Macron vient d\u2019achever un voyage en Chine et esp\u00e8re que le g\u00e9ant asiatique p\u00e8sera sur la Russie, les Ukrainiens reviennent de Floride o\u00f9 ils ont discut\u00e9 du plan de paix propos\u00e9 par les \u00c9tats-Unis, Volodymyr Zelensky s\u2019est longuement entretenu avec Jared Kushner, gendre de Donald Trump.<\/p>\n<p>Sur le terrain, l\u2019Ukraine recense toujours ses d\u00e9g\u00e2ts <a href=\"https:\/\/rennes.maville.com\/actu\/actudet_-ukraine-de-nouvelles-frappes-russes-visent-des-sites-energetiques-des-milliers-d-ukrainiens-prives-de-chauffage-_54135-7097239_actu.Htm\" target=\"_self\" rel=\"noopener\">au lendemain de frappes russes massives qui ont vis\u00e9 le pays dans la nuit de vendredi \u00e0 samedi<\/a>. Voici ce qu\u2019il faut retenir de la situation, ce dimanche 7\u00a0d\u00e9cembre 2025.<\/p>\n<\/p>\n<p>La Russie salue la nouvelle strat\u00e9gie de s\u00e9curit\u00e9 am\u00e9ricaine<\/p>\n<p>Le Kremlin a salu\u00e9 ce dimanche <a href=\"https:\/\/rennes.maville.com\/actu\/actudet_-commentaire.-strategie-nationale-de-securite-des-etats-unis-quand-donald-trump-veut-enterrer-l-europe-_54135-7096191_actu.Htm\" target=\"_self\" rel=\"noopener\">la nouvelle \u00ab\u00a0strat\u00e9gie de s\u00e9curit\u00e9 nationale\u00a0\u00bb<\/a>, sign\u00e9e par le pr\u00e9sident am\u00e9ricain Donald Trump, estimant qu\u2019elle \u00e9tait largement en accord avec la propre perception de la Russie. C\u2019est la premi\u00e8re fois que Moscou salue aussi vigoureusement un document de ce type venant de son ancien ennemi de la Guerre froide, retrace l\u2019AFP.<\/p>\n<p>Le texte diffus\u00e9 par le gouvernement am\u00e9ricain red\u00e9finit cette strat\u00e9gie, en accord avec la position de Donald Trump en faveur de <strong>\u00ab\u00a0l\u2019Am\u00e9rique d\u2019abord\u00a0\u00bb<\/strong>. Il s\u2019en prend vivement aux Europ\u00e9ens, soutenant que le Vieux continent est confront\u00e9 \u00e0 un<strong> \u00ab\u00a0effacement civilisationnel\u00a0\u00bb<\/strong> d\u00fb \u00e0 l\u2019immigration. Le document promet \u00e9galement qu\u2019il n\u2019y aura pas d\u2019\u00e9largissement de l\u2019Otan, an\u00e9antissant une fois de plus les espoirs de l\u2019Ukraine qui subit l\u2019invasion russe.<\/p>\n<p><strong>Lire aussi<\/strong>\u00a0: <a href=\"https:\/\/rennes.maville.com\/actu\/actudet_-arreter-les-migrations-de-masse-suprematie-en-amerique-latine...-donald-trump-devoile-sa-strategie-de-defense-_54135-7095464_actu.Htm\" target=\"_self\" rel=\"noopener\">Arr\u00eater les \u00ab\u00a0migrations de masse\u00a0\u00bb, \u00ab\u00a0supr\u00e9matie\u00a0\u00bb en Am\u00e9rique latine\u2026 Donald Trump d\u00e9voile sa strat\u00e9gie de \u00ab\u00a0d\u00e9fense\u00a0\u00bb<\/a><\/p>\n<p>Le Kremlin demande des changements de la part des \u00c9tats-Unis<\/p>\n<p>Iouri Ouchakov, le principal conseiller en politique \u00e9trang\u00e8re de Vladimir Poutine, a d\u00e9clar\u00e9 ce dimanche que les \u00c9tats-Unis devaient apporter des modifications <strong>\u00ab\u00a0radicales\u00a0\u00bb<\/strong> et <strong>\u00ab\u00a0s\u00e9rieuses\u00a0\u00bb<\/strong> \u00e0 leur plan de paix, sans donner plus de d\u00e9tails, selon la presse russe relay\u00e9e par Reuters.<\/p>\n<p>Les forces russes contr\u00f4lent 19,2\u00a0% du territoire ukrainien, dont la Crim\u00e9e, annex\u00e9e par Moscou en 2014, la totalit\u00e9 de Louhansk et plus de 80\u00a0% de Donetsk ainsi que 75\u00a0% de Kherson et Zaporijia. Les pourparlers sont en cours pour mettre un terme au conflit le plus meurtrier que l\u2019Europe a connu depuis la Seconde Guerre mondiale.<\/p>\n<p>Vers des travaux cruciaux \u00e0 Tchernobyl\u00a0?<\/p>\n<p>L\u2019Agence internationale pour l\u2019\u00e9nergie atomique (AIEA) a annonc\u00e9 que ses \u00e9quipes \u00e9taient en Ukraine depuis d\u00e9but d\u00e9cembre pour y \u00e9valuer la s\u00e9curit\u00e9 nucl\u00e9aire. \u00c0 cette occasion, elles ont constat\u00e9 que <a href=\"https:\/\/rennes.maville.com\/actu\/actudet_-ukraine-le-bouclier-protecteur-de-tchernobyl-a-perdu-ses-principales-fonctions-de-securite-affirme-l-aiea-_54135-7097233_actu.Htm\" target=\"_self\" rel=\"noopener\">l\u2019arche de Tchernobyl avait perdu ses <\/a> <strong> <a href=\"https:\/\/rennes.maville.com\/actu\/actudet_-ukraine-le-bouclier-protecteur-de-tchernobyl-a-perdu-ses-principales-fonctions-de-securite-affirme-l-aiea-_54135-7097233_actu.Htm\" target=\"_self\" rel=\"noopener\">\u00ab\u00a0fonctions de s\u00e9curit\u00e9 primaires\u00a0\u00bb<\/a> <\/strong> apr\u00e8s un bombardement en f\u00e9vrier.\u00a0Elle constate aussi cependant qu\u2019il n\u2019y avait \u00ab\u00a0pas de dommages permanents aux structures porteuses ou aux syst\u00e8mes de surveillance\u00a0\u00bb.<\/p>\n<p><strong>\u00ab\u00a0Des r\u00e9parations temporaires limit\u00e9es ont \u00e9t\u00e9 effectu\u00e9es sur le toit, mais une restauration rapide et compl\u00e8te reste essentielle pour pr\u00e9venir une d\u00e9gradation suppl\u00e9mentaire et garantir la s\u00fbret\u00e9 nucl\u00e9aire \u00e0 long terme\u00a0\u00bb,<\/strong> a d\u00e9clar\u00e9 le directeur g\u00e9n\u00e9ral de l\u2019organisation, Rafael Grossi, cit\u00e9 dans le rapport. Des r\u00e9parations temporaires suppl\u00e9mentaires doivent avoir lieu en 2026. Une fois le conflit entre la Russie et l\u2019Ukraine termin\u00e9, l\u2019AIEA esp\u00e8re pouvoir mettre en \u0153uvre une r\u00e9paration compl\u00e8te de la structure.<\/p>\n<p>La structure m\u00e9tallique, touch\u00e9e mi-f\u00e9vrier par un drone russe explosif selon Kiev, avait \u00e9t\u00e9 install\u00e9e en 2016 et officiellement inaugur\u00e9e en 2019. Elle recouvre le r\u00e9acteur qui a explos\u00e9 en avril\u00a01986, le pire accident nucl\u00e9aire de l\u2019histoire, et prot\u00e8ge un premier sarcophage construit par les Sovi\u00e9tiques.<\/p>\n<p>\u00a0<\/p>\n","protected":false},"excerpt":{"rendered":"\u00c0 la veille d\u2019une nouvelle r\u00e9union entre les dirigeants fran\u00e7ais, britannique, allemand et ukrainien lundi 8\u00a0d\u00e9cembre \u00e0 Londres,&hellip;\n","protected":false},"author":2,"featured_media":584878,"comment_status":"","ping_status":"","sticky":false,"template":"","format":"standard","meta":{"footnotes":""},"categories":[1591],"tags":[11,1438,11617,73,1887,1146,4432,6644,12,18074,1885,1886,132,39938,5384,220],"class_list":{"0":"post-584877","1":"post","2":"type-post","3":"status-publish","4":"format-standard","5":"has-post-thumbnail","7":"category-russie","8":"tag-actualites","9":"tag-angers","10":"tag-carte","11":"tag-etats-unis","12":"tag-federation-de-russie","13":"tag-guerre","14":"tag-jour","15":"tag-negociations","16":"tag-news","17":"tag-poursuivent","18":"tag-russia","19":"tag-russian-federation","20":"tag-russie","21":"tag-salue","22":"tag-strategie","23":"tag-ukraine"},"share_on_mastodon":{"url":"https:\/\/pubeurope.com\/@fr\/115680074061528087","error":""},"_links":{"self":[{"href":"https:\/\/www.europesays.com\/fr\/wp-json\/wp\/v2\/posts\/584877","targetHints":{"allow":["GET"]}}],"collection":[{"href":"https:\/\/www.europesays.com\/fr\/wp-json\/wp\/v2\/posts"}],"about":[{"href":"https:\/\/www.europesays.com\/fr\/wp-json\/wp\/v2\/types\/post"}],"author":[{"embeddable":true,"href":"https:\/\/www.europesays.com\/fr\/wp-json\/wp\/v2\/users\/2"}],"replies":[{"embeddable":true,"href":"https:\/\/www.europesays.com\/fr\/wp-json\/wp\/v2\/comments?post=584877"}],"version-history":[{"count":0,"href":"https:\/\/www.europesays.com\/fr\/wp-json\/wp\/v2\/posts\/584877\/revisions"}],"wp:featuredmedia":[{"embeddable":true,"href":"https:\/\/www.europesays.com\/fr\/wp-json\/wp\/v2\/media\/584878"}],"wp:attachment":[{"href":"https:\/\/www.europesays.com\/fr\/wp-json\/wp\/v2\/media?parent=584877"}],"wp:term":[{"taxonomy":"category","embeddable":true,"href":"https:\/\/www.europesays.com\/fr\/wp-json\/wp\/v2\/categories?post=584877"},{"taxonomy":"post_tag","embeddable":true,"href":"https:\/\/www.europesays.com\/fr\/wp-json\/wp\/v2\/tags?post=584877"}],"curies":[{"name":"wp","href":"https:\/\/api.w.org\/{rel}","templated":true}]}}