{"id":584879,"date":"2025-12-07T20:03:14","date_gmt":"2025-12-07T20:03:14","guid":{"rendered":"https:\/\/www.europesays.com\/fr\/584879\/"},"modified":"2025-12-07T20:03:14","modified_gmt":"2025-12-07T20:03:14","slug":"rapprochement-entre-washington-et-moscou-attaque-de-drone-et-entree-dun-nouvel-acteur-dans-le-conflit","status":"publish","type":"post","link":"https:\/\/www.europesays.com\/fr\/584879\/","title":{"rendered":"Rapprochement entre Washington et Moscou, attaque de drone et entr\u00e9e d\u2019un nouvel acteur dans le conflit"},"content":{"rendered":"<p>Vous avez rat\u00e9 les derniers \u00e9v\u00e9nements sur la <a href=\"https:\/\/www.20minutes.fr\/monde\/ukraine\/\" class=\"c-link c-link--is-underlined\" target=\"_blank\" rel=\"noopener\">guerre en Ukraine<\/a>\u00a0? 20 Minutes fait le point pour vous tous les soirs. Voici l\u2019essentiel de ce dimanche 7\u00a0d\u00e9cembre, au 1.382e jour du conflit.<\/p>\n<p>Le fait du jour<\/p>\n<p>La <a href=\"https:\/\/www.20minutes.fr\/monde\/russie\/\" class=\"c-link c-link--is-underlined\" target=\"_blank\" rel=\"noopener\">Russie <\/a>a accueilli favorablement ce dimanche la nouvelle strat\u00e9gie de s\u00e9curit\u00e9 nationale des <a href=\"https:\/\/www.20minutes.fr\/monde\/etats-unis\/\" class=\"c-link c-link--is-underlined\" target=\"_blank\" rel=\"noopener\">Etats-Unis<\/a>, affirmant que ses ajustements majeurs, qui rel\u00e8vent d\u2019une approche nationaliste de la pr\u00e9sidence de <a href=\"https:\/\/www.20minutes.fr\/dossier\/donald_trump\" class=\"c-link c-link--is-underlined\" target=\"_blank\" rel=\"noopener\">Donald Trump<\/a>, \u00e9taient \u00ab\u00a0globalement conformes\u00a0\u00bb \u00e0 la vision de <a href=\"https:\/\/www.20minutes.fr\/monde\/moscou\/\" class=\"c-link c-link--is-underlined\" target=\"_blank\" rel=\"noopener\">Moscou<\/a>. Dimitri Peskov, le porte-parole du Kremlin, a dit esp\u00e9rer dans un entretien accord\u00e9 \u00e0 la t\u00e9l\u00e9vision publique russe Rossia que la nouvelle strat\u00e9gie de <a href=\"https:\/\/www.20minutes.fr\/dossier\/washington\" class=\"c-link c-link--is-underlined\" target=\"_blank\" rel=\"noopener\">Washington <\/a>puisse permettre \u00e0 la Russie de \u00ab\u00a0poursuivre de mani\u00e8re constructive le travail commun [avec les Etats-Unis] pour trouver un r\u00e8glement pacifique en Ukraine\u00a0\u00bb.<\/p>\n<\/p>\n<p>Le texte diffus\u00e9 par le gouvernement am\u00e9ricain red\u00e9finit sa \u00ab\u00a0strat\u00e9gie de s\u00e9curit\u00e9 nationale\u00a0\u00bb en accord avec la position de Donald Trump en faveur de \u00ab\u00a0l\u2019Am\u00e9rique d\u2019abord\u00a0\u00bb. Il s\u2019en prend vivement aux Europ\u00e9ens, soutenant que le Vieux continent est confront\u00e9 \u00e0 un \u00ab\u00a0effacement civilisationnel\u00a0\u00bb d\u00fb \u00e0 l\u2019<a href=\"https:\/\/www.20minutes.fr\/dossier\/immigration\" class=\"c-link c-link--is-underlined\" target=\"_blank\" rel=\"noopener\">immigration<\/a>. Le document promet \u00e9galement qu\u2019il n\u2019y aura pas d\u2019\u00e9largissement de l\u2019Otan, an\u00e9antissant une fois de plus les espoirs de l\u2019Ukraine.<\/p>\n<p>Le chiffre du jour<\/p>\n<p>2.800. C\u2019est le nombre de drones et missiles lanc\u00e9s par la Russie sur l\u2019Ukraine cette semaine, d\u2019apr\u00e8s <a href=\"https:\/\/x.com\/ZelenskyyUa\/status\/1997601558326874200\" target=\"_blank\" class=\"c-link c-link--is-underlined\">un post<\/a> du pr\u00e9sident ukrainien <a href=\"https:\/\/www.20minutes.fr\/monde\/volodymyr-zelensky\/\" class=\"c-link c-link--is-underlined\" target=\"_blank\" rel=\"noopener\">Volodymyr Zelensky<\/a>. Il fait plus pr\u00e9cis\u00e9ment \u00e9tat de \u00ab\u00a0plus de 1.600 drones d\u2019attaques, environ 1.200 bombes a\u00e9riennes guid\u00e9es et presque 70 missiles de divers types\u00a0\u00bb. Ces projectiles ont principalement vis\u00e9 \u00ab\u00a0les infrastructures qui font tourner la vie quotidienne\u00a0\u00bb.<\/p>\n<p>Les attaques se sont d\u2019ailleurs poursuivies ce dimanche, avec plus de 240 drones et 5 missiles balistiques lanc\u00e9s sur le pays. Le bilan dress\u00e9 par Volodymyr Zelensky fait \u00e9tat de plusieurs personnes tu\u00e9es et de \u00ab\u00a0d\u00e9g\u00e2ts s\u00e9v\u00e8res\u00a0\u00bb dans plusieurs r\u00e9gions.<\/p>\n<p>La tendance<\/p>\n<p>L\u2019<a href=\"https:\/\/www.20minutes.fr\/monde\/2326131-20180827-emmanuel-macron-invite-europeens-organiser-securite-seuls-etats-unis\" class=\"c-link c-link--is-underlined\" target=\"_blank\" rel=\"noopener\">Organisation pour la s\u00e9curit\u00e9 et la coop\u00e9ration en Europe<\/a> (OSCE) pourrait jouer un r\u00f4le majeur dans la surveillance d\u2019un cessez-le-feu entre la Russie et l\u2019Ukraine, a estim\u00e9 ce dimanche le ministre suisse des Affaires \u00e9trang\u00e8res, <a href=\"https:\/\/www.20minutes.fr\/monde\/ukraine\/4168543-20250819-guerre-ukraine-suisse-promet-immunite-poutine-vient-conference-paix\" class=\"c-link c-link--is-underlined\" target=\"_blank\" rel=\"noopener\">Ignazio Cassis<\/a>.<\/p>\n<p>\u00ab\u00a0Il existe d\u00e9j\u00e0 des consid\u00e9rations concr\u00e8tes \u00e0 ce sujet\u00a0: l\u2019Organisation est capable de d\u00e9ployer plusieurs dizaines de personnes dans des d\u00e9lais tr\u00e8s courts. L\u2019OSCE pourrait observer le cessez-le-feu, surveiller la ligne de cessez-le-feu, observer les \u00e9lections,\u00a0etc.\u00a0\u00bb, a d\u00e9clar\u00e9 \u00e0 l\u2019hebdomadaire <a href=\"https:\/\/www.blick.ch\/politik\/aussenminister-cassis-ueber-osze-vorsitz-eu-beziehungen-und-seine-zukunft-wenn-das-parlament-will-werde-ich-2027-nochmals-bundespraesident-id21492923.html\" rel=\"nofollow noopener\" target=\"_blank\" class=\"c-link c-link--is-underlined\">Sonntagsblick<\/a> Ignazio Cassis, dont le pays pr\u00e9sidera l\u2019OSCE en\u00a02026.<\/p>\n<p>Fond\u00e9e en\u00a01975 pour apaiser les tensions entre l\u2019Est et l\u2019Ouest pendant la Guerre froide, cette organisation compte 57 membres issus d\u2019Europe, d\u2019Asie centrale et d\u2019Am\u00e9rique du Nord, dont les Etats-Unis, l\u2019Ukraine et la Russie.<\/p>\n<p>Toutefois, \u00ab\u00a0la ligne de front s\u2019\u00e9tend actuellement sur 1.300 kilom\u00e8tres &#8211; l\u2019OSCE seule est trop petite pour en surveiller toute sa longueur. Cela n\u00e9cessiterait un engagement important de la part des Etats participants\u00a0\u00bb, a-t-il not\u00e9.<\/p>\n<p><a href=\"https:\/\/www.20minutes.fr\/monde\/ukraine\/\" class=\"c-link c-btn c-btn--primary\" target=\"_blank\" rel=\"noopener\">Notre dossier sur la guerre en Ukraine<\/a><\/p>\n","protected":false},"excerpt":{"rendered":"Vous avez rat\u00e9 les derniers \u00e9v\u00e9nements sur la guerre en Ukraine\u00a0? 20 Minutes fait le point pour vous&hellip;\n","protected":false},"author":2,"featured_media":584880,"comment_status":"","ping_status":"","sticky":false,"template":"","format":"standard","meta":{"footnotes":""},"categories":[1590],"tags":[47,11,75,564,73,1777,674,131,74,12,136,132,220,135,134],"class_list":{"0":"post-584879","1":"post","2":"type-post","3":"status-publish","4":"format-standard","5":"has-post-thumbnail","7":"category-ukraine","8":"tag-actualite","9":"tag-actualites","10":"tag-donald-trump","11":"tag-drone","12":"tag-etats-unis","13":"tag-eu","14":"tag-europe","15":"tag-guerre-en-ukraine","16":"tag-monde","17":"tag-news","18":"tag-otan","19":"tag-russie","20":"tag-ukraine","21":"tag-vladimir-poutine","22":"tag-volodymyr-zelensky"},"share_on_mastodon":{"url":"https:\/\/pubeurope.com\/@fr\/115680077928303075","error":""},"_links":{"self":[{"href":"https:\/\/www.europesays.com\/fr\/wp-json\/wp\/v2\/posts\/584879","targetHints":{"allow":["GET"]}}],"collection":[{"href":"https:\/\/www.europesays.com\/fr\/wp-json\/wp\/v2\/posts"}],"about":[{"href":"https:\/\/www.europesays.com\/fr\/wp-json\/wp\/v2\/types\/post"}],"author":[{"embeddable":true,"href":"https:\/\/www.europesays.com\/fr\/wp-json\/wp\/v2\/users\/2"}],"replies":[{"embeddable":true,"href":"https:\/\/www.europesays.com\/fr\/wp-json\/wp\/v2\/comments?post=584879"}],"version-history":[{"count":0,"href":"https:\/\/www.europesays.com\/fr\/wp-json\/wp\/v2\/posts\/584879\/revisions"}],"wp:featuredmedia":[{"embeddable":true,"href":"https:\/\/www.europesays.com\/fr\/wp-json\/wp\/v2\/media\/584880"}],"wp:attachment":[{"href":"https:\/\/www.europesays.com\/fr\/wp-json\/wp\/v2\/media?parent=584879"}],"wp:term":[{"taxonomy":"category","embeddable":true,"href":"https:\/\/www.europesays.com\/fr\/wp-json\/wp\/v2\/categories?post=584879"},{"taxonomy":"post_tag","embeddable":true,"href":"https:\/\/www.europesays.com\/fr\/wp-json\/wp\/v2\/tags?post=584879"}],"curies":[{"name":"wp","href":"https:\/\/api.w.org\/{rel}","templated":true}]}}