{"id":584883,"date":"2025-12-07T20:05:19","date_gmt":"2025-12-07T20:05:19","guid":{"rendered":"https:\/\/www.europesays.com\/fr\/584883\/"},"modified":"2025-12-07T20:05:19","modified_gmt":"2025-12-07T20:05:19","slug":"royaume-uni-des-obstacles-juridiques-empechent-lexpulsion-de-170-etrangers-fiches-extremistes","status":"publish","type":"post","link":"https:\/\/www.europesays.com\/fr\/584883\/","title":{"rendered":"Royaume-Uni : des obstacles juridiques emp\u00eachent l\u2019expulsion de 170 \u00e9trangers fich\u00e9s \u00ab extr\u00e9mistes \u00bb"},"content":{"rendered":"<p>                                            Monde\n                                                                            <\/p>\n<p>\n                                            Environ 170 \u00e9trangers jug\u00e9s dangereux, dont plus de la moiti\u00e9 li\u00e9s \u00e0 l\u2019extr\u00e9misme, ne peuvent \u00eatre expuls\u00e9s du Royaume-Uni en raison du cadre juridique \u00e9tabli par la Cour europ\u00e9enne des droits de l\u2019homme, selon un rapport du minist\u00e8re de l&rsquo;Int\u00e9rieur britannique.                                        <\/p>\n<p>                                                Publi\u00e9 le 7 d\u00e9cembre 2025 \u00e0 17h54                                                                                            <\/p>\n<p>                                            <img loading=\"lazy\" width=\"1024\" height=\"683\" src=\"https:\/\/www.europesays.com\/fr\/wp-content\/uploads\/2025\/12\/SIPA_sipahub60093534_000013-1.jpg\" class=\"attachment-post-thumbnail size-post-thumbnail wp-post-image\" alt=\"Environ 170 \u00e9trangers jug\u00e9s dangereux, dont plus de la moiti\u00e9 li\u00e9s \u00e0 l\u2019extr\u00e9misme, ne peuvent \u00eatre expuls\u00e9s du Royaume-Uni, indique un rapport du Home Office. \u00a9 Photo Cameron Scott\/ZUMA\/SIPA\" decoding=\"async\"  \/><\/p>\n<p>                                            Environ 170 \u00e9trangers jug\u00e9s dangereux, dont plus de la moiti\u00e9 li\u00e9s \u00e0 l\u2019extr\u00e9misme, ne peuvent \u00eatre expuls\u00e9s du Royaume-Uni, indique un rapport du Home Office. \u00a9 Photo Cameron Scott\/ZUMA\/SIPA<\/p>\n<p>Le Home Office britannique, \u00e9quivalent du <a href=\"https:\/\/www.valeursactuelles.com\/politique\/je-my-rendrai-laurent-nunez-souhaite-aller-en-algerie-apres-la-condamnation-de-christophe-gleizes\" target=\"_blank\" rel=\"noopener\">minist\u00e8re de l\u2019Int\u00e9rieur<\/a> en France, a reconnu qu\u2019environ 170 ressortissants \u00e9trangers jug\u00e9s dangereux ne peuvent pas \u00eatre expuls\u00e9s du <a href=\"https:\/\/www.valeursactuelles.com\/monde\/royaume-uni-le-gouvernement-charge-6000-fonctionnaires-de-surveiller-les-discours-anti-migrants-sur-les-reseaux-sociaux\" target=\"_blank\" rel=\"noopener\">Royaume-Uni<\/a>, plus de la moiti\u00e9 \u00e9tant li\u00e9s \u00e0 des activit\u00e9s terroristes ou extr\u00e9mistes, rapporte <a href=\"https:\/\/www.gbnews.com\/news\/home-office-170-terrorists-cannot-be-deported-human-rights-laws\" target=\"_blank\" rel=\"nofollow noopener\">GB News<\/a> le 7 d\u00e9cembre. Cette r\u00e9v\u00e9lation, issue d\u2019une \u00e9tude sur l\u2019\u00e9galit\u00e9 publi\u00e9e avec le projet de loi \u00ab Border Security, Asylum and Immigration \u00bb, a provoqu\u00e9 un toll\u00e9 politique outre-Manche.<\/p>\n<p><a href=\"https:\/\/www.valeursactuelles.com\/monde\/immigration-au-royaume-uni-baisse-record-de-pres-de-69-sur-un-an\" class=\"h-flex h-align-items-center h-border-tb h-ptb-15\" target=\"_blank\" rel=\"noopener\">A\u00a0LIRE\u00a0Immigration au Royaume-Uni : baisse record de pr\u00e8s de 69 % sur un an<\/a>                    <img decoding=\"async\" src=\"https:\/\/www.europesays.com\/fr\/wp-content\/uploads\/2025\/12\/1765137919_51_maxresdefault.jpg\" alt=\"Vid\u00e9o YouTube\" style=\"width: 100%; height: auto; display: block;\"\/><\/p>\n<p>                        Chargement\u2026                    <\/p>\n<p>Selon le document, \u00ab environ 170 personnes sont actuellement sous statut de \u00ab\u00a0s\u00e9jour restreint\u00a0\u00bb, dont plus de la moiti\u00e9 ont \u00e9t\u00e9 impliqu\u00e9es dans des activit\u00e9s li\u00e9es au terrorisme ou \u00e0 l\u2019extr\u00e9misme \u00bb. Les mesures impos\u00e9es peuvent inclure bracelet \u00e9lectronique, obligation de r\u00e9sidence, couvre-feux et restrictions d\u2019activit\u00e9s en ligne.<\/p>\n<p>Nigel Farage r\u00e9agit<\/p>\n<p>Dans le cadre des r\u00e9formes men\u00e9es par la ministre de l\u2019Int\u00e9rieur Shabana Mahmood, l\u2019ex\u00e9cutif veut limiter les recours de derni\u00e8re minute fond\u00e9s sur l\u2019article 8 de la Cour europ\u00e9enne des droits de l\u2019homme (CEDH) et instaurer un mod\u00e8le de recours unique \u00ab one shot \u00bb pour acc\u00e9l\u00e9rer les proc\u00e9dures. Les juges seront invit\u00e9s \u00e0 privil\u00e9gier la s\u00e9curit\u00e9 publique face aux d\u00e9cisions de la juridiction europ\u00e9enne. La ministre avait r\u00e9cemment d\u00e9nonc\u00e9 des pratiques d\u2019\u00ab asylum shopping \u00bb en Europe visant le Royaume-Uni \u2013 des migrants d\u00e9posant plusieurs demandes d\u2019asile dans diff\u00e9rents pays europ\u00e9ens pour maximiser leurs chances d\u2019obtenir un titre de s\u00e9jour.<\/p>\n<p><a href=\"https:\/\/www.valeursactuelles.com\/monde\/royaume-uni-des-milliers-dhabitants-manifestent-contre-linstallation-de-600-migrants-dans-un-camp-militaire\" class=\"h-flex h-align-items-center h-border-tb h-ptb-15\" target=\"_blank\" rel=\"noopener\">A\u00a0LIRE\u00a0Royaume-Uni : des milliers d\u2019habitants manifestent contre l\u2019installation de 600 migrants dans un camp militaire<\/a><\/p>\n<p class=\"p1\">R\u00e9agissant \u00e0 cette r\u00e9v\u00e9lation, le chef de Reform UK, Nigel Farage, a r\u00e9it\u00e9r\u00e9 sa volont\u00e9 de voir le Royaume-Uni \u00ab quitter la CEDH \u00bb et de \u00ab ne plus respecter la Convention de 1951 sur les r\u00e9fugi\u00e9s, la Convention des Nations unies contre la torture et la Convention du Conseil de l\u2019Europe sur la lutte contre la traite des \u00eatres humains \u00bb, qu\u2019il estime obsol\u00e8te.<\/p>\n<p class=\"p1\">Nigel Farage a \u00e9galement accus\u00e9 le gouvernement britannique <a href=\"https:\/\/www.valeursactuelles.com\/monde\/le-premier-ministre-britannique-envoie-une-lettre-a-emmanuel-macron-lui-demandant-de-lutter-contre-limmigration-clandestine\" target=\"_blank\" rel=\"noopener\">conduit par Keir Starmer<\/a> d\u2019\u00eatre \u00ab rempli \u00e0 ras bord d\u2019avocats woke des droits de l\u2019homme \u00bb qui \u00ab donnent la priorit\u00e9 \u00e0 une cour \u00e9trang\u00e8re \u00e0 Strasbourg plut\u00f4t qu\u2019\u00e0 la s\u00e9curit\u00e9 du peuple britannique \u00bb.<\/p>\n","protected":false},"excerpt":{"rendered":"Monde Environ 170 \u00e9trangers jug\u00e9s dangereux, dont plus de la moiti\u00e9 li\u00e9s \u00e0 l\u2019extr\u00e9misme, ne peuvent \u00eatre expuls\u00e9s&hellip;\n","protected":false},"author":2,"featured_media":584884,"comment_status":"","ping_status":"","sticky":false,"template":"","format":"standard","meta":{"footnotes":""},"categories":[1588],"tags":[11,10443,19046,34267,1777,674,1061,6734,12,10669,473,1853,1851,1850,1852],"class_list":{"0":"post-584883","1":"post","2":"type-post","3":"status-publish","4":"format-standard","5":"has-post-thumbnail","7":"category-royaume-uni","8":"tag-actualites","9":"tag-asile","10":"tag-demandeurs-dasile","11":"tag-droit-dasile","12":"tag-eu","13":"tag-europe","14":"tag-immigration","15":"tag-immigration-clandestine","16":"tag-news","17":"tag-nigel-farage","18":"tag-royaume-uni","19":"tag-royaume-uni-de-grande-bretagne-et-dirlande-du-nord","20":"tag-uk","21":"tag-united-kingdom","22":"tag-united-kingdom-of-great-britain-and-northern-ireland"},"share_on_mastodon":{"url":"https:\/\/pubeurope.com\/@fr\/115680086062198288","error":""},"_links":{"self":[{"href":"https:\/\/www.europesays.com\/fr\/wp-json\/wp\/v2\/posts\/584883","targetHints":{"allow":["GET"]}}],"collection":[{"href":"https:\/\/www.europesays.com\/fr\/wp-json\/wp\/v2\/posts"}],"about":[{"href":"https:\/\/www.europesays.com\/fr\/wp-json\/wp\/v2\/types\/post"}],"author":[{"embeddable":true,"href":"https:\/\/www.europesays.com\/fr\/wp-json\/wp\/v2\/users\/2"}],"replies":[{"embeddable":true,"href":"https:\/\/www.europesays.com\/fr\/wp-json\/wp\/v2\/comments?post=584883"}],"version-history":[{"count":0,"href":"https:\/\/www.europesays.com\/fr\/wp-json\/wp\/v2\/posts\/584883\/revisions"}],"wp:featuredmedia":[{"embeddable":true,"href":"https:\/\/www.europesays.com\/fr\/wp-json\/wp\/v2\/media\/584884"}],"wp:attachment":[{"href":"https:\/\/www.europesays.com\/fr\/wp-json\/wp\/v2\/media?parent=584883"}],"wp:term":[{"taxonomy":"category","embeddable":true,"href":"https:\/\/www.europesays.com\/fr\/wp-json\/wp\/v2\/categories?post=584883"},{"taxonomy":"post_tag","embeddable":true,"href":"https:\/\/www.europesays.com\/fr\/wp-json\/wp\/v2\/tags?post=584883"}],"curies":[{"name":"wp","href":"https:\/\/api.w.org\/{rel}","templated":true}]}}