{"id":584885,"date":"2025-12-07T20:06:18","date_gmt":"2025-12-07T20:06:18","guid":{"rendered":"https:\/\/www.europesays.com\/fr\/584885\/"},"modified":"2025-12-07T20:06:18","modified_gmt":"2025-12-07T20:06:18","slug":"video-des-centaines-de-peres-noel-courent-a-michendorf-en-allemagne-lors-de-la-course-de-noel-annuelle","status":"publish","type":"post","link":"https:\/\/www.europesays.com\/fr\/584885\/","title":{"rendered":"Vid\u00e9o. Des centaines de P\u00e8res No\u00ebl courent \u00e0 Michendorf, en Allemagne, lors de la course de No\u00ebl annuelle"},"content":{"rendered":"<p>Pr\u00e8s de 1 000 participants ont transform\u00e9 Michendorf en une mar\u00e9e rouge, dimanche, \u00e0 l\u2019occasion de la 17e course de la Saint-Nicolas. Cette course annuelle, organis\u00e9e \u00e0 l\u2019approche de No\u00ebl, a r\u00e9uni des coureurs venus de toute l\u2019Allemagne, v\u00eatus de manteaux rouges traditionnels et de barbes blanches. <\/p>\n<p>Organis\u00e9e par le club de course \u00e0 pied de Michendorf, la manifestation proposait des distances de 2,5, 5 et 10 kilom\u00e8tres. Les enfants ont pris part au Zipfelm\u00fctzenlauf d\u2019un kilom\u00e8tre, la \u00ab course du bonnet pointu \u00bb. Aucun niveau sportif n\u2019\u00e9tait requis, seulement de l\u2019enthousiasme et le costume de rigueur. <\/p>\n<p>La course a m\u00eal\u00e9 ambiance bon enfant et exercice en douceur, donnant le coup d\u2019envoi de la saison des f\u00eates locale.<\/p>\n","protected":false},"excerpt":{"rendered":"Pr\u00e8s de 1 000 participants ont transform\u00e9 Michendorf en une mar\u00e9e rouge, dimanche, \u00e0 l\u2019occasion de la 17e&hellip;\n","protected":false},"author":2,"featured_media":584886,"comment_status":"","ping_status":"","sticky":false,"template":"","format":"standard","meta":{"footnotes":""},"categories":[1587],"tags":[8859,69748,11,672,1804,1805,1803,1777,674,1801,12,1802,69749,8860,8862,69751,8861,69750],"class_list":{"0":"post-584885","1":"post","2":"type-post","3":"status-publish","4":"format-standard","5":"has-post-thumbnail","7":"category-allemagne","8":"tag-id125","9":"tag-id5312","10":"tag-actualites","11":"tag-allemagne","12":"tag-bundesrepublik-deutschland","13":"tag-de","14":"tag-deutschland","15":"tag-eu","16":"tag-europe","17":"tag-germany","18":"tag-news","19":"tag-republique-federale-dallemagne","20":"tag-slugchristmas","21":"tag-sluggermany","22":"tag-titleallemagne","23":"tag-titlenou00ebl","24":"tag-urlsafevalueallemagne","25":"tag-urlsafevaluenoel"},"share_on_mastodon":{"url":"https:\/\/pubeurope.com\/@fr\/115680089415255482","error":""},"_links":{"self":[{"href":"https:\/\/www.europesays.com\/fr\/wp-json\/wp\/v2\/posts\/584885","targetHints":{"allow":["GET"]}}],"collection":[{"href":"https:\/\/www.europesays.com\/fr\/wp-json\/wp\/v2\/posts"}],"about":[{"href":"https:\/\/www.europesays.com\/fr\/wp-json\/wp\/v2\/types\/post"}],"author":[{"embeddable":true,"href":"https:\/\/www.europesays.com\/fr\/wp-json\/wp\/v2\/users\/2"}],"replies":[{"embeddable":true,"href":"https:\/\/www.europesays.com\/fr\/wp-json\/wp\/v2\/comments?post=584885"}],"version-history":[{"count":0,"href":"https:\/\/www.europesays.com\/fr\/wp-json\/wp\/v2\/posts\/584885\/revisions"}],"wp:featuredmedia":[{"embeddable":true,"href":"https:\/\/www.europesays.com\/fr\/wp-json\/wp\/v2\/media\/584886"}],"wp:attachment":[{"href":"https:\/\/www.europesays.com\/fr\/wp-json\/wp\/v2\/media?parent=584885"}],"wp:term":[{"taxonomy":"category","embeddable":true,"href":"https:\/\/www.europesays.com\/fr\/wp-json\/wp\/v2\/categories?post=584885"},{"taxonomy":"post_tag","embeddable":true,"href":"https:\/\/www.europesays.com\/fr\/wp-json\/wp\/v2\/tags?post=584885"}],"curies":[{"name":"wp","href":"https:\/\/api.w.org\/{rel}","templated":true}]}}